{"id":195732,"date":"2021-12-17T14:07:34","date_gmt":"2021-12-17T20:07:34","guid":{"rendered":"https:\/\/plazajuarez.mx\/?p=195732"},"modified":"2021-12-17T14:07:42","modified_gmt":"2021-12-17T20:07:42","slug":"canada-y-mexico-discuten-un-plan-contra-el-incentivo-de-ee-uu-a-vehiculos-electricos","status":"publish","type":"post","link":"https:\/\/plazajuarez.mx\/historico\/canada-y-mexico-discuten-un-plan-contra-el-incentivo-de-ee-uu-a-vehiculos-electricos\/","title":{"rendered":"Canad\u00e1 y M\u00e9xico discuten un plan contra el incentivo de EE.UU. a veh\u00edculos el\u00e9ctricos"},"content":{"rendered":"\n<p>Responsables de los gobiernos de Canad\u00e1 y M\u00e9xico trataron este viernes un plan com\u00fan contra los incentivos anunciados por Estados Unidos para la venta de veh\u00edculos el\u00e9ctricos, que Ottawa considera son lesivos e incumplen el tratado comercial de los tres pa\u00edses.<\/p>\n\n\n\n<p>La ministra de Comercio Internacional de Canad\u00e1, Mary Ng, y la secretaria de Econom\u00eda de M\u00e9xico, Tatiana Clouthier Carrillo, mantuvieron una conversaci\u00f3n telef\u00f3nica en la que trataron este asunto, seg\u00fan inform\u00f3 en un comunicado el Ministerio de Comercio Internacional de Canad\u00e1.<\/p>\n\n\n\n<p>Durante la llamada, la ministra canadiense expres\u00f3 sus &#8220;profundas preocupaciones&#8221; sobre la propuesta pol\u00edtica de incentivos para la compra en Estados Unidos de veh\u00edculos el\u00e9ctricos, uno de los puntos clave de la Administraci\u00f3n del presidente Joe Biden para luchar contra el cambio clim\u00e1tico e impulsar la econom\u00eda local.<\/p>\n\n\n\n<p>La propuesta de Biden, incluida en el proyecto de ley &#8220;Build Back Better&#8221; (&#8220;Reconstruir mejor&#8221;), es ofrecer a los consumidores estadounidenses un cr\u00e9dito fiscal de hasta 12.500 d\u00f3lares para la compra de veh\u00edculos el\u00e9ctricos producidos en plantas de Estados Unidos.<\/p>\n\n\n\n<p>Ottawa considera que esta provisi\u00f3n viola el acuerdo comercial T-MEC en vigor entre M\u00e9xico, Estados Unidos y Canad\u00e1.<\/p>\n\n\n\n<p>Ng se\u00f1al\u00f3 en su conversaci\u00f3n con Clouthier que &#8220;los pasos que Canad\u00e1 ha dado para defender su sector del autom\u00f3vil y a sus trabajadores, incluidas las opciones de represalias&#8221; en el caso de que Estados Unidos &#8220;siga con medidas discriminatorias&#8221;.<\/p>\n\n\n\n<p>La ministra Clouthier declar\u00f3 este viernes a la radiotelevisi\u00f3n p\u00fablica canadiense, CBC, que M\u00e9xico quiere coordinarse con Canad\u00e1 para presentar un plan com\u00fan contra la iniciativa de Biden ante el temor que los incentivos fiscales destruyan puestos de trabajos en el sector automovil\u00edstico de Canad\u00e1 y M\u00e9xico.<\/p>\n\n\n\n<p>Clouthier tambi\u00e9n dijo que los dos pa\u00edses est\u00e1n analizando las represalias econ\u00f3micas que pueden adoptar contra Estados Unidos y se\u00f1al\u00f3 que &#8220;de ninguna forma que no se produzcan consecuencias&#8221; en respuesta a la medida.<\/p>\n","protected":false},"excerpt":{"rendered":"<p>Responsables de los gobiernos de Canad\u00e1 y M\u00e9xico trataron este viernes un plan com\u00fan contra los incentivos anunciados por Estados Unidos para la venta de veh\u00edculos el\u00e9ctricos, que Ottawa considera son lesivos e incumplen el tratado comercial de los tres pa\u00edses. La ministra de Comercio Internacional de Canad\u00e1, Mary Ng, y la secretaria de Econom\u00eda [&hellip;]<\/p>\n","protected":false},"author":80,"featured_media":195733,"comment_status":"closed","ping_status":"closed","sticky":false,"template":"","format":"standard","meta":{"footnotes":""},"categories":[31],"tags":[],"class_list":["post-195732","post","type-post","status-publish","format-standard","has-post-thumbnail","hentry","category-orbe"],"_links":{"self":[{"href":"https:\/\/plazajuarez.mx\/historico\/wp-json\/wp\/v2\/posts\/195732","targetHints":{"allow":["GET"]}}],"collection":[{"href":"https:\/\/plazajuarez.mx\/historico\/wp-json\/wp\/v2\/posts"}],"about":[{"href":"https:\/\/plazajuarez.mx\/historico\/wp-json\/wp\/v2\/types\/post"}],"author":[{"embeddable":true,"href":"https:\/\/plazajuarez.mx\/historico\/wp-json\/wp\/v2\/users\/80"}],"replies":[{"embeddable":true,"href":"https:\/\/plazajuarez.mx\/historico\/wp-json\/wp\/v2\/comments?post=195732"}],"version-history":[{"count":0,"href":"https:\/\/plazajuarez.mx\/historico\/wp-json\/wp\/v2\/posts\/195732\/revisions"}],"wp:featuredmedia":[{"embeddable":true,"href":"https:\/\/plazajuarez.mx\/historico\/wp-json\/wp\/v2\/media\/195733"}],"wp:attachment":[{"href":"https:\/\/plazajuarez.mx\/historico\/wp-json\/wp\/v2\/media?parent=195732"}],"wp:term":[{"taxonomy":"category","embeddable":true,"href":"https:\/\/plazajuarez.mx\/historico\/wp-json\/wp\/v2\/categories?post=195732"},{"taxonomy":"post_tag","embeddable":true,"href":"https:\/\/plazajuarez.mx\/historico\/wp-json\/wp\/v2\/tags?post=195732"}],"curies":[{"name":"wp","href":"https:\/\/api.w.org\/{rel}","templated":true}]}}