{"id":195728,"date":"2021-12-17T13:39:39","date_gmt":"2021-12-17T19:39:39","guid":{"rendered":"https:\/\/plazajuarez.mx\/?p=195728"},"modified":"2021-12-17T13:39:48","modified_gmt":"2021-12-17T19:39:48","slug":"andres-guardado-da-positivo-a-covid","status":"publish","type":"post","link":"https:\/\/plazajuarez.mx\/historico\/andres-guardado-da-positivo-a-covid\/","title":{"rendered":"Andr\u00e9s Guardado da positivo a Covid"},"content":{"rendered":"\n<p>El futbolista mexicano, Andr\u00e9s Guardado, nuevamente se contagi\u00f3 de Covid-19 y por consecuencia se perder\u00e1 el juego del fin de semana del Betis ante el Athletic de Bilbao.<\/p>\n\n\n\n<p>Tras el caso positivo del \u201cPrincipito\u201d todo el plantel ser\u00e1 sometido a pruebas para conocer si alg\u00fan elemento m\u00e1s se contagi\u00f3.<\/p>\n\n\n\n<p>De momento, Betis y Guardado no han expresado m\u00e1s detalles, todo se revel\u00f3 por los reportes de la prensa espa\u00f1ola el Partidazo de COPE.<\/p>\n\n\n\n<p>Esta es la segunda ocasi\u00f3n que Andr\u00e9s contrae coronavirus, la primera vez fue el 24 de febrero de 2021.<\/p>\n\n\n\n<p>Guardado no tuvo participaci\u00f3n en la reciente victoria del Betis en la Copa del Rey, donde ganaron 4-2 al Talavera e incluso Diego Lainez consigui\u00f3 una anotaci\u00f3n.<\/p>\n","protected":false},"excerpt":{"rendered":"<p>El futbolista mexicano, Andr\u00e9s Guardado, nuevamente se contagi\u00f3 de Covid-19 y por consecuencia se perder\u00e1 el juego del fin de semana del Betis ante el Athletic de Bilbao. Tras el caso positivo del \u201cPrincipito\u201d todo el plantel ser\u00e1 sometido a pruebas para conocer si alg\u00fan elemento m\u00e1s se contagi\u00f3. De momento, Betis y Guardado no [&hellip;]<\/p>\n","protected":false},"author":81,"featured_media":195730,"comment_status":"closed","ping_status":"closed","sticky":false,"template":"","format":"standard","meta":{"footnotes":""},"categories":[39],"tags":[],"class_list":["post-195728","post","type-post","status-publish","format-standard","has-post-thumbnail","hentry","category-deportiva"],"_links":{"self":[{"href":"https:\/\/plazajuarez.mx\/historico\/wp-json\/wp\/v2\/posts\/195728","targetHints":{"allow":["GET"]}}],"collection":[{"href":"https:\/\/plazajuarez.mx\/historico\/wp-json\/wp\/v2\/posts"}],"about":[{"href":"https:\/\/plazajuarez.mx\/historico\/wp-json\/wp\/v2\/types\/post"}],"author":[{"embeddable":true,"href":"https:\/\/plazajuarez.mx\/historico\/wp-json\/wp\/v2\/users\/81"}],"replies":[{"embeddable":true,"href":"https:\/\/plazajuarez.mx\/historico\/wp-json\/wp\/v2\/comments?post=195728"}],"version-history":[{"count":0,"href":"https:\/\/plazajuarez.mx\/historico\/wp-json\/wp\/v2\/posts\/195728\/revisions"}],"wp:featuredmedia":[{"embeddable":true,"href":"https:\/\/plazajuarez.mx\/historico\/wp-json\/wp\/v2\/media\/195730"}],"wp:attachment":[{"href":"https:\/\/plazajuarez.mx\/historico\/wp-json\/wp\/v2\/media?parent=195728"}],"wp:term":[{"taxonomy":"category","embeddable":true,"href":"https:\/\/plazajuarez.mx\/historico\/wp-json\/wp\/v2\/categories?post=195728"},{"taxonomy":"post_tag","embeddable":true,"href":"https:\/\/plazajuarez.mx\/historico\/wp-json\/wp\/v2\/tags?post=195728"}],"curies":[{"name":"wp","href":"https:\/\/api.w.org\/{rel}","templated":true}]}}