{"id":195412,"date":"2021-12-15T12:53:25","date_gmt":"2021-12-15T18:53:25","guid":{"rendered":"https:\/\/plazajuarez.mx\/?p=195412"},"modified":"2021-12-15T12:53:34","modified_gmt":"2021-12-15T18:53:34","slug":"el-filme-cruz-denuncia-desplazamientos-forzados","status":"publish","type":"post","link":"https:\/\/plazajuarez.mx\/historico\/el-filme-cruz-denuncia-desplazamientos-forzados\/","title":{"rendered":"El filme &#8220;Cruz&#8221;, denuncia desplazamientos forzados"},"content":{"rendered":"\n<p>La historia de una familia que se vio forzada a dejar el lugar donde viv\u00edan a causa del narcotr\u00e1fico protagoniza el documental mexicano &#8220;Cruz&#8221;, de Teresa Camou, un crudo relato de la violencia y la impunidad en el pa\u00eds hacia los pueblos ind\u00edgenas.<\/p>\n\n\n\n<p>&#8220;Si estas historias no se cuentan y se visibilizan, desaparecen, se mueren. En M\u00e9xico hay una gran ola de cine social, hay que hacerlo y agarrar mucha fuerza porque podemos ayudar mucho desde nuestra trinchera que es el arte&#8221;, cuenta en entrevista con Efe Camou, autora del filme que es parte de la gira de documentales Ambulante.<\/p>\n\n\n\n<p>Cruz es un padre de familia que se vio obligado a dejar su hogar en la Sierra Tarahumara acompa\u00f1ado de todos sus seres queridos tras la amenaza de muerte por parte de narcotraficantes.<\/p>\n\n\n\n<p>&#8220;A Cruz lo conozco desde hace 25 a\u00f1os, tenemos la misma edad y siempre decimos que somos gemelos. Lo conoc\u00ed defendiendo el territorio, sus bosques, ense\u00f1\u00e1ndole a su gente la Ley Agraria&#8221;, recuerda Camou.<\/p>\n","protected":false},"excerpt":{"rendered":"<p>La historia de una familia que se vio forzada a dejar el lugar donde viv\u00edan a causa del narcotr\u00e1fico protagoniza el documental mexicano &#8220;Cruz&#8221;, de Teresa Camou, un crudo relato de la violencia y la impunidad en el pa\u00eds hacia los pueblos ind\u00edgenas. &#8220;Si estas historias no se cuentan y se visibilizan, desaparecen, se mueren. [&hellip;]<\/p>\n","protected":false},"author":80,"featured_media":195419,"comment_status":"closed","ping_status":"closed","sticky":false,"template":"","format":"standard","meta":{"footnotes":""},"categories":[38],"tags":[],"class_list":["post-195412","post","type-post","status-publish","format-standard","has-post-thumbnail","hentry","category-show"],"_links":{"self":[{"href":"https:\/\/plazajuarez.mx\/historico\/wp-json\/wp\/v2\/posts\/195412","targetHints":{"allow":["GET"]}}],"collection":[{"href":"https:\/\/plazajuarez.mx\/historico\/wp-json\/wp\/v2\/posts"}],"about":[{"href":"https:\/\/plazajuarez.mx\/historico\/wp-json\/wp\/v2\/types\/post"}],"author":[{"embeddable":true,"href":"https:\/\/plazajuarez.mx\/historico\/wp-json\/wp\/v2\/users\/80"}],"replies":[{"embeddable":true,"href":"https:\/\/plazajuarez.mx\/historico\/wp-json\/wp\/v2\/comments?post=195412"}],"version-history":[{"count":0,"href":"https:\/\/plazajuarez.mx\/historico\/wp-json\/wp\/v2\/posts\/195412\/revisions"}],"wp:featuredmedia":[{"embeddable":true,"href":"https:\/\/plazajuarez.mx\/historico\/wp-json\/wp\/v2\/media\/195419"}],"wp:attachment":[{"href":"https:\/\/plazajuarez.mx\/historico\/wp-json\/wp\/v2\/media?parent=195412"}],"wp:term":[{"taxonomy":"category","embeddable":true,"href":"https:\/\/plazajuarez.mx\/historico\/wp-json\/wp\/v2\/categories?post=195412"},{"taxonomy":"post_tag","embeddable":true,"href":"https:\/\/plazajuarez.mx\/historico\/wp-json\/wp\/v2\/tags?post=195412"}],"curies":[{"name":"wp","href":"https:\/\/api.w.org\/{rel}","templated":true}]}}