{"id":195410,"date":"2021-12-15T12:53:18","date_gmt":"2021-12-15T18:53:18","guid":{"rendered":"https:\/\/plazajuarez.mx\/?p=195410"},"modified":"2021-12-15T12:53:28","modified_gmt":"2021-12-15T18:53:28","slug":"roberto-palazuelos-se-ira-de-la-t-v","status":"publish","type":"post","link":"https:\/\/plazajuarez.mx\/historico\/roberto-palazuelos-se-ira-de-la-t-v\/","title":{"rendered":"Roberto Palazuelos se ir\u00e1 de la T.V."},"content":{"rendered":"\n<p>Roberto Palazuelos se ha posicionado como una de las figuras m\u00e1s pol\u00e9micas del medio art\u00edstico y aunque muchos lo reconocen como un importante empresario del sector tur\u00edstico, la realidad es que su carrera en la pantalla chica comenz\u00f3 hace 35 a\u00f1os en la telenovela &#8220;Marionetas&#8221;, interpretando a un estudiante de universidad, pero el papel que lo lanz\u00f3 a la fama fue el de \u2018Roger\u2019 en &#8220;Muchachitas&#8221;, coloc\u00e1ndolo en las preferencias del p\u00fablico juvenil de aquel entonces.<\/p>\n\n\n\n<p>Sin embargo, a m\u00e1s de tres d\u00e9cadas de que comenz\u00f3 su participaci\u00f3n en la televisi\u00f3n, esta podr\u00eda estar llegando a su fin, por lo menos, como se conoce hasta el momento, ya que ayer dio a conocer en una rueda de prensa a las afueras de las instalaciones de Televisa en San \u00c1ngel, que quiz\u00e1 sea la \u00faltima vez que se le vea en los foros de grabaci\u00f3n.<\/p>\n\n\n\n<p>Lo anterior es debido a que sus aspiraciones pol\u00edticas -que ha comentado desde hace varios a\u00f1os- podr\u00edan estar tomando forma. As\u00ed lo explic\u00f3 \u00e9l mismo: &#8220;Parece ser que como pintan las cosas \u00a1este rorro ya se les va! porque tiene la mano levantada para ser el pr\u00f3ximo gobernador de Quintana Roo, y estoy alto en las encuestas, todav\u00eda no tengo el partido no s\u00e9 por d\u00f3nde me voy a ir, pero todo se va a definir esta misma semana&#8221;, explic\u00f3 Palazuelos.<\/p>\n","protected":false},"excerpt":{"rendered":"<p>Roberto Palazuelos se ha posicionado como una de las figuras m\u00e1s pol\u00e9micas del medio art\u00edstico y aunque muchos lo reconocen como un importante empresario del sector tur\u00edstico, la realidad es que su carrera en la pantalla chica comenz\u00f3 hace 35 a\u00f1os en la telenovela &#8220;Marionetas&#8221;, interpretando a un estudiante de universidad, pero el papel que [&hellip;]<\/p>\n","protected":false},"author":81,"featured_media":195420,"comment_status":"closed","ping_status":"closed","sticky":false,"template":"","format":"standard","meta":{"footnotes":""},"categories":[38],"tags":[],"class_list":["post-195410","post","type-post","status-publish","format-standard","has-post-thumbnail","hentry","category-show"],"_links":{"self":[{"href":"https:\/\/plazajuarez.mx\/historico\/wp-json\/wp\/v2\/posts\/195410","targetHints":{"allow":["GET"]}}],"collection":[{"href":"https:\/\/plazajuarez.mx\/historico\/wp-json\/wp\/v2\/posts"}],"about":[{"href":"https:\/\/plazajuarez.mx\/historico\/wp-json\/wp\/v2\/types\/post"}],"author":[{"embeddable":true,"href":"https:\/\/plazajuarez.mx\/historico\/wp-json\/wp\/v2\/users\/81"}],"replies":[{"embeddable":true,"href":"https:\/\/plazajuarez.mx\/historico\/wp-json\/wp\/v2\/comments?post=195410"}],"version-history":[{"count":0,"href":"https:\/\/plazajuarez.mx\/historico\/wp-json\/wp\/v2\/posts\/195410\/revisions"}],"wp:featuredmedia":[{"embeddable":true,"href":"https:\/\/plazajuarez.mx\/historico\/wp-json\/wp\/v2\/media\/195420"}],"wp:attachment":[{"href":"https:\/\/plazajuarez.mx\/historico\/wp-json\/wp\/v2\/media?parent=195410"}],"wp:term":[{"taxonomy":"category","embeddable":true,"href":"https:\/\/plazajuarez.mx\/historico\/wp-json\/wp\/v2\/categories?post=195410"},{"taxonomy":"post_tag","embeddable":true,"href":"https:\/\/plazajuarez.mx\/historico\/wp-json\/wp\/v2\/tags?post=195410"}],"curies":[{"name":"wp","href":"https:\/\/api.w.org\/{rel}","templated":true}]}}