{"id":195408,"date":"2021-12-15T12:48:22","date_gmt":"2021-12-15T18:48:22","guid":{"rendered":"https:\/\/plazajuarez.mx\/?p=195408"},"modified":"2021-12-15T12:48:34","modified_gmt":"2021-12-15T18:48:34","slug":"aficion-del-america-lanza-advertencia-a-la-directiva","status":"publish","type":"post","link":"https:\/\/plazajuarez.mx\/historico\/aficion-del-america-lanza-advertencia-a-la-directiva\/","title":{"rendered":"Afici\u00f3n del Am\u00e9rica lanza advertencia a la directiva"},"content":{"rendered":"\n<p>(EL UNIVERSAL) La afici\u00f3n del Am\u00e9rica sigue mostrando su molestia hacia el equipo y la directiva azulcrema, luego de la eliminaci\u00f3n que sufrieron en los recientes cuartos de final ante los Pumas de la UNAM.<\/p>\n\n\n\n<p>Los seguidores de las \u00c1guilas han utilizado las redes sociales para demostrar su inconformidad y ahora respondieron al llamado mediante el hashtag &#8220;#SinRefuerzosNoHayAbono&#8221;. Esto despu\u00e9s de un tuit del Am\u00e9rica.<\/p>\n\n\n\n<p>La publicaci\u00f3n explicaba sobre la renovaci\u00f3n de los abonos para el Clausura 2022, pero las cr\u00edticas no cesaron y el equipo termin\u00f3 eliminando el tuit.<\/p>\n\n\n\n<p>&#8220;\u00a1Americanistas, iniciamos con la renovaci\u00f3n de abonos para el #Clausura2022!&#8221;, se pod\u00eda leer en la publicaci\u00f3n, la cual en Facebook no fue eliminada.<\/p>\n\n\n\n<p>El hashtag se volvi\u00f3 tendencia y ha dividido opiniones entre los seguidores del Am\u00e9rica.\u00a0<\/p>\n","protected":false},"excerpt":{"rendered":"<p>(EL UNIVERSAL) La afici\u00f3n del Am\u00e9rica sigue mostrando su molestia hacia el equipo y la directiva azulcrema, luego de la eliminaci\u00f3n que sufrieron en los recientes cuartos de final ante los Pumas de la UNAM. Los seguidores de las \u00c1guilas han utilizado las redes sociales para demostrar su inconformidad y ahora respondieron al llamado mediante [&hellip;]<\/p>\n","protected":false},"author":81,"featured_media":195414,"comment_status":"closed","ping_status":"closed","sticky":false,"template":"","format":"standard","meta":{"footnotes":""},"categories":[39],"tags":[],"class_list":["post-195408","post","type-post","status-publish","format-standard","has-post-thumbnail","hentry","category-deportiva"],"_links":{"self":[{"href":"https:\/\/plazajuarez.mx\/historico\/wp-json\/wp\/v2\/posts\/195408","targetHints":{"allow":["GET"]}}],"collection":[{"href":"https:\/\/plazajuarez.mx\/historico\/wp-json\/wp\/v2\/posts"}],"about":[{"href":"https:\/\/plazajuarez.mx\/historico\/wp-json\/wp\/v2\/types\/post"}],"author":[{"embeddable":true,"href":"https:\/\/plazajuarez.mx\/historico\/wp-json\/wp\/v2\/users\/81"}],"replies":[{"embeddable":true,"href":"https:\/\/plazajuarez.mx\/historico\/wp-json\/wp\/v2\/comments?post=195408"}],"version-history":[{"count":0,"href":"https:\/\/plazajuarez.mx\/historico\/wp-json\/wp\/v2\/posts\/195408\/revisions"}],"wp:featuredmedia":[{"embeddable":true,"href":"https:\/\/plazajuarez.mx\/historico\/wp-json\/wp\/v2\/media\/195414"}],"wp:attachment":[{"href":"https:\/\/plazajuarez.mx\/historico\/wp-json\/wp\/v2\/media?parent=195408"}],"wp:term":[{"taxonomy":"category","embeddable":true,"href":"https:\/\/plazajuarez.mx\/historico\/wp-json\/wp\/v2\/categories?post=195408"},{"taxonomy":"post_tag","embeddable":true,"href":"https:\/\/plazajuarez.mx\/historico\/wp-json\/wp\/v2\/tags?post=195408"}],"curies":[{"name":"wp","href":"https:\/\/api.w.org\/{rel}","templated":true}]}}