{"id":195219,"date":"2021-12-14T08:07:37","date_gmt":"2021-12-14T14:07:37","guid":{"rendered":"https:\/\/plazajuarez.mx\/?p=195219"},"modified":"2021-12-14T08:07:50","modified_gmt":"2021-12-14T14:07:50","slug":"el-faro-61","status":"publish","type":"post","link":"https:\/\/plazajuarez.mx\/historico\/el-faro-61\/","title":{"rendered":"El Faro"},"content":{"rendered":"\n<h2 class=\"wp-block-heading\"><strong>Lo que aprendimos<\/strong><\/h2>\n\n\n\n<p class=\"wp-block-paragraph\">El pasado d\u00eda 10 se celebr\u00f3 el aniversario de la declaraci\u00f3n de los derechos humanos en 1948. El contexto social y mundial inmediato era terrible. Decenas de millones de muertos como consecuencia de la Segunda Guerra Mundial. El contexto temporal medio tiene que ver con la debacle laboral de la crisis de finales de los a\u00f1os veinte. Tambi\u00e9n hay que anotar otras decenas de millones de muertos en la Primera Guerra Mundial.<\/p>\n\n\n\n<p class=\"wp-block-paragraph\">No deber\u00eda entenderse la declaraci\u00f3n de los derechos humanos sin estos contextos. La humanidad llega a la claridad de que no se pueden repetir los horrores que se vivieron en la primera mitad del siglo veinte. La sangre, el sufrimiento y el hambre son las claves aut\u00e9nticas para poder entender en su medida profunda los derechos humanos. Ten\u00edan claro los pa\u00edses firmantes qu\u00e9 era lo que no ten\u00eda que volver a pasar.&nbsp;<\/p>\n\n\n\n<p class=\"wp-block-paragraph\">Vi\u00e9ndolo de esta manera, anclada en la historia, la declaratoria de 1948 intenta fijar unos m\u00ednimos que toda la humanidad se compromete a preservar. Estos m\u00ednimos son de justicia, es decir, no puede haber excusa posible que justifique su violaci\u00f3n. Son, por tanto, siempre exigibles y criterio esencial de legitimidad para cualquier sociedad y gobierno.<\/p>\n\n\n\n<p class=\"wp-block-paragraph\">Tambi\u00e9n el pasado domingo, d\u00eda 12 de diciembre, en M\u00e9xico se celebr\u00f3 una fiesta nacional y religiosa: la Virgen de Guadalupe. El contexto hist\u00f3rico de las apariciones de la Virgen no fue mucho mejor que el mencionado m\u00e1s arriba. Los espa\u00f1oles hab\u00edan llegado a las costas del \u201cNuevo Mundo\u201d. Los ind\u00edgenas que viv\u00edan en esas tierras sufrieron las consecuencias de la conquista, las muertes por contagios de enfermedades y el sometimiento a condiciones de trabajo esclavizadoras.<\/p>\n\n\n\n<p class=\"wp-block-paragraph\">Los ind\u00edgenas hab\u00edan perdido, en un instante y por la fuerza, sus tierras, sus costumbres, su lengua, su religi\u00f3n y su libertad. Cuando se le aparece a Juan Diego en el cerro del Tepeyac la Virgen Mar\u00eda, lo hace con una carga simb\u00f3lica f\u00e1cilmente entendible para \u00e9l. El mensaje que le deja es muy concreto: \u201cno temas, \u00bfno estoy yo aqu\u00ed que soy tu madre?\u201d.<\/p>\n\n\n\n<p class=\"wp-block-paragraph\">El cuidado, por su parte, es lo que la Virgen le anuncia al ind\u00edgena extraviado ante la situaci\u00f3n que le toca vivir. El cuidado no es un m\u00ednimo, ni es de justicia, ni es exigible. El cuidado, el cari\u00f1o, es un m\u00e1ximo, se da gratis y a \u00e9l se invita con el ejemplo.<\/p>\n\n\n\n<p class=\"wp-block-paragraph\">En nuestro contexto actual en el mundo, no llegamos a tener seguro el cumplimiento de los m\u00ednimos. Lo que aprendimos como humanidad tanto en el siglo XVI como en el XX, juntos, pueden convertirse de manera arm\u00f3nica en el programa humano de desarrollo global en nuestros d\u00edas: asegurar que todos vivamos bajo unos m\u00ednimos de justicia exigibles reales y que, al mismo tiempo, en el m\u00e1ximo de generosidad y ejemplaridad, seamos capaces de cuidarnos unos a otros para no tener miedo a enfrentar el futuro, nuestro futuro.<\/p>\n","protected":false},"excerpt":{"rendered":"<p>Lo que aprendimos El pasado d\u00eda 10 se celebr\u00f3 el aniversario de la declaraci\u00f3n de los derechos humanos en 1948. El contexto social y mundial inmediato era terrible. Decenas de millones de muertos como consecuencia de la Segunda Guerra Mundial. El contexto temporal medio tiene que ver con la debacle laboral de la crisis de [&hellip;]<\/p>\n","protected":false},"author":98,"featured_media":182946,"comment_status":"closed","ping_status":"closed","sticky":false,"template":"","format":"standard","meta":{"footnotes":""},"categories":[1006,42],"tags":[],"class_list":["post-195219","post","type-post","status-publish","format-standard","has-post-thumbnail","hentry","category-dr-jesus-ignacio-panedas-galindo","category-nuestrapalabra"],"_links":{"self":[{"href":"https:\/\/plazajuarez.mx\/historico\/wp-json\/wp\/v2\/posts\/195219","targetHints":{"allow":["GET"]}}],"collection":[{"href":"https:\/\/plazajuarez.mx\/historico\/wp-json\/wp\/v2\/posts"}],"about":[{"href":"https:\/\/plazajuarez.mx\/historico\/wp-json\/wp\/v2\/types\/post"}],"author":[{"embeddable":true,"href":"https:\/\/plazajuarez.mx\/historico\/wp-json\/wp\/v2\/users\/98"}],"replies":[{"embeddable":true,"href":"https:\/\/plazajuarez.mx\/historico\/wp-json\/wp\/v2\/comments?post=195219"}],"version-history":[{"count":0,"href":"https:\/\/plazajuarez.mx\/historico\/wp-json\/wp\/v2\/posts\/195219\/revisions"}],"wp:featuredmedia":[{"embeddable":true,"href":"https:\/\/plazajuarez.mx\/historico\/wp-json\/wp\/v2\/media\/182946"}],"wp:attachment":[{"href":"https:\/\/plazajuarez.mx\/historico\/wp-json\/wp\/v2\/media?parent=195219"}],"wp:term":[{"taxonomy":"category","embeddable":true,"href":"https:\/\/plazajuarez.mx\/historico\/wp-json\/wp\/v2\/categories?post=195219"},{"taxonomy":"post_tag","embeddable":true,"href":"https:\/\/plazajuarez.mx\/historico\/wp-json\/wp\/v2\/tags?post=195219"}],"curies":[{"name":"wp","href":"https:\/\/api.w.org\/{rel}","templated":true}]}}