{"id":195180,"date":"2021-12-13T15:29:29","date_gmt":"2021-12-13T21:29:29","guid":{"rendered":"https:\/\/plazajuarez.mx\/?p=195180"},"modified":"2021-12-13T15:29:42","modified_gmt":"2021-12-13T21:29:42","slug":"lopez_gatell","status":"publish","type":"post","link":"https:\/\/plazajuarez.mx\/historico\/lopez_gatell\/","title":{"rendered":"Hugo L\u00f3pez-Gatell &#8220;no aguanta cr\u00edticas&#8221; y cancelan su comparecencia"},"content":{"rendered":"\n<p> La comparecencia del subsecretario de Prevenci\u00f3n y Promoci\u00f3n de la Salud, Hugo L\u00f3pez-Gatell, que se desarrollaba al interior de la Junta de Coordinaci\u00f3n Pol\u00edtica (Jucopo) de la C\u00e1mara de Diputados, se cancel\u00f3 despu\u00e9s de quejas y reclamos del funcionario federal, quien de acuerdo con la oposici\u00f3n, &#8220;no aguant\u00f3 las cr\u00edticas y los argumentos&#8221;.<\/p>\n\n\n\n<p>De acuerdo con fuentes consultadas por EL UNIVERSAL, la sesi\u00f3n revent\u00f3 al inicio de las preguntas y respuestas, luego de que el coordinador del PRD, Luis Espinosa Ch\u00e1zaro, le cuestion\u00f3 sobre el n\u00famero de muertos y el manejo de la pandemia.<\/p>\n\n\n\n<p>L\u00f3pez- Gatell se neg\u00f3 a responder e incluso culp\u00f3 a la vicecoordinadora perredista, Elizabeth P\u00e9rez, de estar grabando la reuni\u00f3n, lo que deriv\u00f3 en una discusi\u00f3n y que se suspendiera el ejercicio.<\/p>\n\n\n\n<p>&#8220;Durante la reuni\u00f3n, en un acto de soberbia, el Dr. Hugo L\u00f3pez-Gatell interrumpi\u00f3 mi intervenci\u00f3n acusando a la Vicecoordinadora del PRD, Elizabeth P\u00e9rez, de grabarlo, lo cual es falso. Se fue porque no resiste ninguna cr\u00edtica a su P\u00c9SIMO manejo de la pandemia del Covid-19&#8221;, dijo Espinosa Ch\u00e1zaro.<\/p>\n\n\n\n<p>No se ha informado la fecha en que ser\u00e1 reprogramado.<\/p>\n","protected":false},"excerpt":{"rendered":"<p>La comparecencia del subsecretario de Prevenci\u00f3n y Promoci\u00f3n de la Salud, Hugo L\u00f3pez-Gatell, que se desarrollaba al interior de la Junta de Coordinaci\u00f3n Pol\u00edtica (Jucopo) de la C\u00e1mara de Diputados, se cancel\u00f3 despu\u00e9s de quejas y reclamos del funcionario federal, quien de acuerdo con la oposici\u00f3n, &#8220;no aguant\u00f3 las cr\u00edticas y los argumentos&#8221;. De acuerdo [&hellip;]<\/p>\n","protected":false},"author":81,"featured_media":177554,"comment_status":"closed","ping_status":"closed","sticky":false,"template":"","format":"standard","meta":{"footnotes":""},"categories":[36],"tags":[],"class_list":["post-195180","post","type-post","status-publish","format-standard","has-post-thumbnail","hentry","category-nacion"],"_links":{"self":[{"href":"https:\/\/plazajuarez.mx\/historico\/wp-json\/wp\/v2\/posts\/195180","targetHints":{"allow":["GET"]}}],"collection":[{"href":"https:\/\/plazajuarez.mx\/historico\/wp-json\/wp\/v2\/posts"}],"about":[{"href":"https:\/\/plazajuarez.mx\/historico\/wp-json\/wp\/v2\/types\/post"}],"author":[{"embeddable":true,"href":"https:\/\/plazajuarez.mx\/historico\/wp-json\/wp\/v2\/users\/81"}],"replies":[{"embeddable":true,"href":"https:\/\/plazajuarez.mx\/historico\/wp-json\/wp\/v2\/comments?post=195180"}],"version-history":[{"count":0,"href":"https:\/\/plazajuarez.mx\/historico\/wp-json\/wp\/v2\/posts\/195180\/revisions"}],"wp:featuredmedia":[{"embeddable":true,"href":"https:\/\/plazajuarez.mx\/historico\/wp-json\/wp\/v2\/media\/177554"}],"wp:attachment":[{"href":"https:\/\/plazajuarez.mx\/historico\/wp-json\/wp\/v2\/media?parent=195180"}],"wp:term":[{"taxonomy":"category","embeddable":true,"href":"https:\/\/plazajuarez.mx\/historico\/wp-json\/wp\/v2\/categories?post=195180"},{"taxonomy":"post_tag","embeddable":true,"href":"https:\/\/plazajuarez.mx\/historico\/wp-json\/wp\/v2\/tags?post=195180"}],"curies":[{"name":"wp","href":"https:\/\/api.w.org\/{rel}","templated":true}]}}