{"id":19518,"date":"2016-04-07T12:04:54","date_gmt":"2016-04-07T12:04:54","guid":{"rendered":"http:\/\/plazajuarez.mx\/index\/index.php\/2016\/04\/07\/alfil-negro-424\/"},"modified":"2016-04-07T12:04:54","modified_gmt":"2016-04-07T12:04:54","slug":"alfil-negro-424","status":"publish","type":"post","link":"https:\/\/plazajuarez.mx\/historico\/alfil-negro-424\/","title":{"rendered":"ALFIL NEGRO"},"content":{"rendered":"<p>(6 d\u00edas de campa\u00f1a y ya ense\u00f1aron las u\u00f1as\u2026 en 149 d\u00edas termina esta administraci\u00f3n)<\/p>\n<p>REAPARECEN LOS PADRINOS DE X\u00d3CHITL<\/p>\n<p>CON SUS MA\u00d1AS Y SUS JUEGOS SUCIOS<\/p>\n<p>No deben ver las cosas claras ni buenas para sus causas, o sea para sus candidatos, por lo que ni tardos ni perezosos, los contrarios al PRI han iniciado en redes sociales campa\u00f1as no de promoci\u00f3n de sus cartas, sino de ataque a los gallos tricolores, particularmente a Omar Fayad, reviviendo viejos videos con los que buscan cuestionarlo como contrario a las expresiones populares o ciudadanas, en un estilo ya conocido de tirar la piedra y esconder la mano que se dio sobre todo en la campa\u00f1a de Olvera, de parte del equipo de X\u00f3chitl G\u00e1lvez, que se dio vuelo con ataques desde las sombras, aunque al final todo mundo se dio cuenta de d\u00f3nde ven\u00edan todos esos r\u00edos de lodo y mugre, que dicen muchos, ten\u00edan alas de garza.<\/p>\n<p>  <!--more-->  <\/p>\n<p>\u00a0<\/p>\n<p>Ahora no parece haber nada raro en el origen de estas fuentes, no s\u00f3lo de lo que ya se inicia, sino de los supuestos movimientos sociales antituzob\u00fas que puede tener mucho de origen ciudadano, pero alentado, calentado y promovido en gran parte por partidos pol\u00edticos y organizaciones supuestamente sociales, pero m\u00e1s bien grillas que aprovechan el momento para llevar agua a su molino y hacerse presentes.<\/p>\n<p>LA GUERRA SUCIA\u2026<\/p>\n<p>Lo cierto es que las campa\u00f1as est\u00e1n entrando en lo que se conoce como Guerra sucia, porque lejos de privilegiar las propuestas, lo que ya se ve es la entrada de cuestiones alejadas de esto, para dar paso al estilo de lo que pas\u00f3 en esa elecci\u00f3n donde corri\u00f3 lodo que fue un contento.<\/p>\n<p>Y no parece que sea extra\u00f1o, por una raz\u00f3n poderosa, la gran ventaja que les lleva Omar, pues de acuerdo a alguna medici\u00f3n que se tiene, es abismal la distancia entre el candidato del PRI y los otros aspirantes a la gubernatura, por lo que lo \u00fanico que les queda es tirarle piedras para ver si alguna, por lo menos, lo descalabra.<\/p>\n<p>Esto en cuanto a la gubernatura, y en cuanto a las alcald\u00edas, PACHUCA parece ser la m\u00e1s peleada por MIRNA HERN\u00c1NDEZ del PRI, YOLANDA TELLER\u00cdA del PAN, ANTONIO MOTA de MC, JULIO MENCHACA Independiente con la intromisi\u00f3n, para usar un t\u00e9rmino, del grupo Universidad, que busca con desesperaci\u00f3n esta alcald\u00eda, as\u00ed como diputaciones, y con esas instancias de poder pelearle decisiones al gobernador Omar.<\/p>\n<p>Por lo menos eso dice el hecho de que 23 acad\u00e9micos y administrativos de la UAEH hayan solicitado licencia para participar como candidatos de MC a diputados, ya sea como propietarios, que lo son en 11 distritos, y como suplentes, en un avasallamiento del partido que ya deber\u00eda conocerse como MOVIMIENTO DE CASTEL\u00c1N: MC y NO Movimiento Ciudadano.<\/p>\n<p>En su calidad de due\u00f1o del organismo que maneja recursos de la universidad, el apoyo a los candidatos est\u00e1 asegurado v\u00eda las redes ciudadanas que ahora tienen la oportunidad de demostrar su fuerza, sin que haya, por lo visto, nada que les pueda meter al orden.<\/p>\n<p>El pobre se\u00f1or rector seguir\u00e1 siendo una figura decorativa, que m\u00e1s le vale no decir ni p\u00edo, en su car\u00e1cter de empleado de lujo del verdadero patr\u00f3n de la casa de estudios, pese a lo que se diga en los\u00a0 medios de propaganda a su servicio.<\/p>\n<p>Desde ah\u00ed es f\u00e1cil ver por d\u00f3nde vienen los cuestionamientos y caminos de ataques, con el disfraz de an\u00e1lisis serios y comprometidos, siempre y cuando no toquen al santo patr\u00f3n.<\/p>\n<p>Y as\u00ed no sirven, porque forman parte de la libertad condicionada al incensario permanente al amito.<\/p>\n<p>Pero de que la guerra sucia ya se inici\u00f3.<\/p>\n<p>Sin duda.<\/p>\n<p>Veremos qu\u00e9 frenos le pone el IEEH.<\/p>\n<p>En el fondo es la lucha por el poder, no por el poder grande que el partido del bulevar Colosio lo tiene ganado con Omar, pero si las batallas peque\u00f1as donde todos apuestan fuerte y con todo.<\/p>\n<p>DISTINCI\u00d3N PARA CAROLINA VIGGIANO<\/p>\n<p>El Presidente Nacional del PRI MANLIO FABIO BELTRONES nombr\u00f3 a la diputada federal CAROLINA VIGGIANO delegada del CEN del partido en Oaxaca para el proceso electoral para gobernador, en que el PRI lleva como candidato a Alejandro Murat, y para elegir 570 alcaldes y diputados, con amplio reconocimiento a lo que es su carrera en los temas electorales. Su presencia y trabajo se inici\u00f3 con la renovaci\u00f3n del comit\u00e9 directivo estatal del PRI en la entidad oaxaque\u00f1a.<\/p>\n","protected":false},"excerpt":{"rendered":"<p>(6 d\u00edas de campa\u00f1a y ya ense\u00f1aron las u\u00f1as\u2026 en 149 d\u00edas termina esta administraci\u00f3n) REAPARECEN LOS PADRINOS DE X\u00d3CHITL CON SUS MA\u00d1AS Y SUS JUEGOS SUCIOS No deben ver las cosas claras ni buenas para sus causas, o sea para sus candidatos, por lo que ni tardos ni perezosos, los contrarios al PRI han [&hellip;]<\/p>\n","protected":false},"author":93,"featured_media":0,"comment_status":"open","ping_status":"open","sticky":false,"template":"","format":"standard","meta":{"footnotes":""},"categories":[48],"tags":[],"class_list":["post-19518","post","type-post","status-publish","format-standard","hentry","category-adalberto-peralta"],"_links":{"self":[{"href":"https:\/\/plazajuarez.mx\/historico\/wp-json\/wp\/v2\/posts\/19518","targetHints":{"allow":["GET"]}}],"collection":[{"href":"https:\/\/plazajuarez.mx\/historico\/wp-json\/wp\/v2\/posts"}],"about":[{"href":"https:\/\/plazajuarez.mx\/historico\/wp-json\/wp\/v2\/types\/post"}],"author":[{"embeddable":true,"href":"https:\/\/plazajuarez.mx\/historico\/wp-json\/wp\/v2\/users\/93"}],"replies":[{"embeddable":true,"href":"https:\/\/plazajuarez.mx\/historico\/wp-json\/wp\/v2\/comments?post=19518"}],"version-history":[{"count":0,"href":"https:\/\/plazajuarez.mx\/historico\/wp-json\/wp\/v2\/posts\/19518\/revisions"}],"wp:attachment":[{"href":"https:\/\/plazajuarez.mx\/historico\/wp-json\/wp\/v2\/media?parent=19518"}],"wp:term":[{"taxonomy":"category","embeddable":true,"href":"https:\/\/plazajuarez.mx\/historico\/wp-json\/wp\/v2\/categories?post=19518"},{"taxonomy":"post_tag","embeddable":true,"href":"https:\/\/plazajuarez.mx\/historico\/wp-json\/wp\/v2\/tags?post=19518"}],"curies":[{"name":"wp","href":"https:\/\/api.w.org\/{rel}","templated":true}]}}