{"id":195145,"date":"2021-12-13T13:19:44","date_gmt":"2021-12-13T19:19:44","guid":{"rendered":"https:\/\/plazajuarez.mx\/?p=195145"},"modified":"2021-12-13T13:19:54","modified_gmt":"2021-12-13T19:19:54","slug":"hillary_clinton","status":"publish","type":"post","link":"https:\/\/plazajuarez.mx\/historico\/hillary_clinton\/","title":{"rendered":"Hillary Clinton env\u00eda condolencias por muerte de Vicente Fern\u00e1ndez"},"content":{"rendered":"\n<p> &#8220;Un \u00edcono musical y un buen hombre. Env\u00edo mis condolencias a sus seres queridos&#8221;, tuite\u00f3 Clinton, quien retom\u00f3 un obituario que hizo el diario estadounidense The New York Times sobre el cantante.<\/p>\n\n\n\n<p>En 2016, el &#8220;rey de la m\u00fasica ranchera&#8221; expres\u00f3 su repudio al entonces candidato presidencial republicano, Donald Trump, quien durante su campa\u00f1a acus\u00f3 a los migrantes de ser &#8220;violadores y criminales&#8221; y a M\u00e9xico de enviar &#8220;lo peor de su gente&#8221; a Estados Unidos. Fern\u00e1ndez asegur\u00f3 que si se lo encontraba, le &#8220;escupir\u00eda la cara&#8221;, le mentar\u00eda &#8220;la madre&#8221; y le dir\u00eda &#8220;todo lo que no le han dicho&#8221;.<\/p>\n\n\n\n<p>Pese a que ya se hab\u00eda retirado, &#8220;Chente&#8221; grab\u00f3 un corrido para Hillary Clinton, quien contend\u00eda con Trump.<\/p>\n\n\n\n<p>&#8220;Con todo respeto hoy he hecho p\u00fablica mi simpat\u00eda hacia la Se\u00f1ora Hillary Clinton. Esto por defender a mis hermanos mexicanos y latinoamericanos&#8221;, poste\u00f3 el Charro de Huentit\u00e1n el 21 de septiembre de 2016. Junto con el tuit subi\u00f3 el &#8220;Corrido a Hillary Clinton&#8221;, que dec\u00eda: &#8220;Queridos hermanos. Su voz es su voto. Juntos se puede&#8221;, dice Fern\u00e1ndez al inicio del video.<\/p>\n\n\n\n<p>&#8220;Yo soy latino hasta el hueso. Muy orgulloso por eso. Y te recuerdo mi hermano. Tenemos que ir de la mano hasta que Hillary Clinton tenga el triunfo asegurado&#8221;, dice la canci\u00f3n. El tema fue promovido en la plataforma Latino Victory Project de Clinton.<\/p>\n\n\n\n<p>&#8220;Mi libertad, mis derechos, con Hillary s\u00ed hay respeto&#8221;, dice una parte de la canci\u00f3n, que Clinton agradeci\u00f3 diciendo que &#8220;no dejaremos de luchar para crear oportunidades para todos&#8221;.<\/p>\n\n\n\n<p>Tras el \u00faltimo debate entre Clinton y Trump, la dem\u00f3crata invit\u00f3 a Fern\u00e1ndez a la celebraci\u00f3n en el Craig Ranch Regional Park Amphitheater, y le agradeci\u00f3 el apoyo.<\/p>\n\n\n\n<p>&#8220;Oh, Chente, muchas gracias. Es maravilloso que est\u00e9s aqu\u00ed. Amo tu canci\u00f3n&#8221;, le dijo la candidata presidencial al mexicano, quien iba acompa\u00f1ado de su esposa, Do\u00f1a Cuquita.<\/p>\n\n\n\n<p>Finalmente, Clinton perdi\u00f3 las elecciones de ese mes de noviembre ante Trump.<\/p>\n\n\n\n<p>El domingo, el presidente estadounidense Joe Biden tambi\u00e9n expres\u00f3 su pesar por la muerte de Fern\u00e1ndez. &#8220;La m\u00fasica mundial ha perdido un \u00edcono. La m\u00fasica de Vicente Fern\u00e1ndez cre\u00f3 recuerdos para millones de personas&#8221;, tuite\u00f3 el mandatario, quien envi\u00f3 &#8220;condolencias a su familia y a todos aquellos que lo amaron. Vicente ser\u00e1 recordado por las generaciones por venir&#8221;.<\/p>\n","protected":false},"excerpt":{"rendered":"<p>&#8220;Un \u00edcono musical y un buen hombre. Env\u00edo mis condolencias a sus seres queridos&#8221;, tuite\u00f3 Clinton, quien retom\u00f3 un obituario que hizo el diario estadounidense The New York Times sobre el cantante. En 2016, el &#8220;rey de la m\u00fasica ranchera&#8221; expres\u00f3 su repudio al entonces candidato presidencial republicano, Donald Trump, quien durante su campa\u00f1a acus\u00f3 [&hellip;]<\/p>\n","protected":false},"author":81,"featured_media":195146,"comment_status":"closed","ping_status":"closed","sticky":false,"template":"","format":"standard","meta":{"footnotes":""},"categories":[38],"tags":[],"class_list":["post-195145","post","type-post","status-publish","format-standard","has-post-thumbnail","hentry","category-show"],"_links":{"self":[{"href":"https:\/\/plazajuarez.mx\/historico\/wp-json\/wp\/v2\/posts\/195145","targetHints":{"allow":["GET"]}}],"collection":[{"href":"https:\/\/plazajuarez.mx\/historico\/wp-json\/wp\/v2\/posts"}],"about":[{"href":"https:\/\/plazajuarez.mx\/historico\/wp-json\/wp\/v2\/types\/post"}],"author":[{"embeddable":true,"href":"https:\/\/plazajuarez.mx\/historico\/wp-json\/wp\/v2\/users\/81"}],"replies":[{"embeddable":true,"href":"https:\/\/plazajuarez.mx\/historico\/wp-json\/wp\/v2\/comments?post=195145"}],"version-history":[{"count":0,"href":"https:\/\/plazajuarez.mx\/historico\/wp-json\/wp\/v2\/posts\/195145\/revisions"}],"wp:featuredmedia":[{"embeddable":true,"href":"https:\/\/plazajuarez.mx\/historico\/wp-json\/wp\/v2\/media\/195146"}],"wp:attachment":[{"href":"https:\/\/plazajuarez.mx\/historico\/wp-json\/wp\/v2\/media?parent=195145"}],"wp:term":[{"taxonomy":"category","embeddable":true,"href":"https:\/\/plazajuarez.mx\/historico\/wp-json\/wp\/v2\/categories?post=195145"},{"taxonomy":"post_tag","embeddable":true,"href":"https:\/\/plazajuarez.mx\/historico\/wp-json\/wp\/v2\/tags?post=195145"}],"curies":[{"name":"wp","href":"https:\/\/api.w.org\/{rel}","templated":true}]}}