{"id":195140,"date":"2021-12-13T13:14:55","date_gmt":"2021-12-13T19:14:55","guid":{"rendered":"https:\/\/plazajuarez.mx\/?p=195140"},"modified":"2021-12-13T13:15:07","modified_gmt":"2021-12-13T19:15:07","slug":"xiomara_amlo","status":"publish","type":"post","link":"https:\/\/plazajuarez.mx\/historico\/xiomara_amlo\/","title":{"rendered":"AMLO felicita a Xiomara Castro, presidenta electa de Honduras"},"content":{"rendered":"\n<p> El presidente Andr\u00e9s Manuel L\u00f3pez Obrador inform\u00f3 que esta ma\u00f1ana de lunes habl\u00f3 por tel\u00e9fono con la presidenta electa de Honduras, Xiomara Castro, a quien calific\u00f3 como una defensora de causas justas.<\/p>\n\n\n\n<p>En redes sociales, L\u00f3pez Obrador, afirm\u00f3 que es un gusto poder trabajar de manera coordinada con &#8220;una mujer perseverante&#8221;.<\/p>\n\n\n\n<p>&#8220;Habl\u00e9 por tel\u00e9fono para felicitar a la presidenta electa de Honduras, Xiomara Castro. Es un gusto poder trabajar en coordinaci\u00f3n con una mujer perseverante y defensora de causas justas. Enhorabuena para su pueblo&#8221;, escribi\u00f3 L\u00f3pez Obrador.<\/p>\n\n\n\n<p>El pr\u00f3ximo 27 de enero de 2022, cuando asuma la presidencia, Xiomara Castro se convertir\u00e1 en la primera mujer que gobierne Honduras.<\/p>\n\n\n\n<p>El secretario de Relaciones Exteriores de M\u00e9xico, Marcelo Ebrard, felicit\u00f3 en redes sociales a la presidenta electa de Honduras, la izquierdista Xiomara Castro.<\/p>\n\n\n\n<p>&#8220;Felicitaciones a Xiomara Castro por su elecci\u00f3n como la primera Presidenta de Honduras!!!! Nuestros mejores deseos y buena voluntad para su \u00e9xito al frente del pueblo hermano de Honduras!!!&#8221;, comparti\u00f3 Ebrard en su cuenta oficial de Twitter.<\/p>\n\n\n\n<p>La presidenta electa le respondi\u00f3 al funcionario mexicano en la misma red social agradeci\u00e9ndole sus felicitaciones. &#8220;Muchas gracias canciller Marcelo Ebrard&#8221;, escribi\u00f3.<\/p>\n\n\n\n<p>Castro, l\u00edder del izquierdista Partido Libertad y Refundaci\u00f3n (Libre), no solo se convirti\u00f3 en la primera mujer en llegar a ser presidenta de Honduras, sino tambi\u00e9n en la candidata presidencial que m\u00e1s votos ha obtenido en la historia pol\u00edtica de la naci\u00f3n centroamericana.<\/p>\n","protected":false},"excerpt":{"rendered":"<p>El presidente Andr\u00e9s Manuel L\u00f3pez Obrador inform\u00f3 que esta ma\u00f1ana de lunes habl\u00f3 por tel\u00e9fono con la presidenta electa de Honduras, Xiomara Castro, a quien calific\u00f3 como una defensora de causas justas. En redes sociales, L\u00f3pez Obrador, afirm\u00f3 que es un gusto poder trabajar de manera coordinada con &#8220;una mujer perseverante&#8221;. &#8220;Habl\u00e9 por tel\u00e9fono para [&hellip;]<\/p>\n","protected":false},"author":81,"featured_media":195141,"comment_status":"closed","ping_status":"closed","sticky":false,"template":"","format":"standard","meta":{"footnotes":""},"categories":[31],"tags":[],"class_list":["post-195140","post","type-post","status-publish","format-standard","has-post-thumbnail","hentry","category-orbe"],"_links":{"self":[{"href":"https:\/\/plazajuarez.mx\/historico\/wp-json\/wp\/v2\/posts\/195140","targetHints":{"allow":["GET"]}}],"collection":[{"href":"https:\/\/plazajuarez.mx\/historico\/wp-json\/wp\/v2\/posts"}],"about":[{"href":"https:\/\/plazajuarez.mx\/historico\/wp-json\/wp\/v2\/types\/post"}],"author":[{"embeddable":true,"href":"https:\/\/plazajuarez.mx\/historico\/wp-json\/wp\/v2\/users\/81"}],"replies":[{"embeddable":true,"href":"https:\/\/plazajuarez.mx\/historico\/wp-json\/wp\/v2\/comments?post=195140"}],"version-history":[{"count":0,"href":"https:\/\/plazajuarez.mx\/historico\/wp-json\/wp\/v2\/posts\/195140\/revisions"}],"wp:featuredmedia":[{"embeddable":true,"href":"https:\/\/plazajuarez.mx\/historico\/wp-json\/wp\/v2\/media\/195141"}],"wp:attachment":[{"href":"https:\/\/plazajuarez.mx\/historico\/wp-json\/wp\/v2\/media?parent=195140"}],"wp:term":[{"taxonomy":"category","embeddable":true,"href":"https:\/\/plazajuarez.mx\/historico\/wp-json\/wp\/v2\/categories?post=195140"},{"taxonomy":"post_tag","embeddable":true,"href":"https:\/\/plazajuarez.mx\/historico\/wp-json\/wp\/v2\/tags?post=195140"}],"curies":[{"name":"wp","href":"https:\/\/api.w.org\/{rel}","templated":true}]}}