{"id":195137,"date":"2021-12-13T13:09:11","date_gmt":"2021-12-13T19:09:11","guid":{"rendered":"https:\/\/plazajuarez.mx\/?p=195137"},"modified":"2021-12-13T13:09:21","modified_gmt":"2021-12-13T19:09:21","slug":"zocalo_mexico","status":"publish","type":"post","link":"https:\/\/plazajuarez.mx\/historico\/zocalo_mexico\/","title":{"rendered":"Recrean fosas en el Z\u00f3calo de M\u00e9xico para protestar por los desaparecidos"},"content":{"rendered":"\n<p>Familias mexicanas de personas desaparecidas recrearon este lunes fosas clandestinas en el Z\u00f3calo de Ciudad de M\u00e9xico, frente al Palacio Nacional, para protestar por la impunidad y la falta de investigaciones.<\/p>\n\n\n\n<p>Unos 15 colectivos de b\u00fasqueda llevaron mont\u00edculos de tierra en los que colocaron im\u00e1genes de sus seres queridos mientras el presidente, Andr\u00e9s Manuel L\u00f3pez Obrador, ofrec\u00eda su rueda de prensa diaria en el Palacio Nacional.<\/p>\n\n\n\n<p>&#8220;Si Andr\u00e9s Manuel no va a las fosas, las fosas vienen a \u00e9l&#8221;, exclamaron los manifestantes tras la instalaci\u00f3n.<\/p>\n\n\n\n<p>Las agrupaciones, que representan a m\u00e1s de 2.600 personas desaparecidas, denunciaron la aparici\u00f3n de m\u00e1s de 170 fosas clandestinas, pero &#8220;cero respuestas&#8221; de las autoridades.<\/p>\n\n\n\n<p>Entre los manifestantes hab\u00eda cerca de 90 personas que proced\u00edan principalmente de Guanajuato, estado del centro del pa\u00eds que lidera los homicidios a nivel nacional.<\/p>\n\n\n\n<p>Los principales colectivos eran &#8220;Hasta encontrarte&#8221;, &#8220;Una luz en el camino&#8221; y &#8220;Una promesa por cumplir&#8221;, que colocaron fichas de informaci\u00f3n de sus seres queridos y leyeron una lista con el nombre de cada uno de sus desparecidos.<\/p>\n\n\n\n<p>&#8220;Si L\u00f3pez Obrador no va a las fosas, nosotras se las traemos. Estas son las fosas que muestran la ausencia del Estado, no son del pasado. No es cosa de colores (partidos) o Gobiernos, \u00a1busquemos justicia! No queremos enterrarlos. queremos abrazarlos&#8221;, expresaron representantes de &#8220;Hasta encontrarte&#8221; en un pronunciamiento.<\/p>\n\n\n\n<p>M\u00e9xico vive una crisis de personas desaparecidas con m\u00e1s de 95.000 personas no localizadas hasta la fecha, seg\u00fan reconoce la Comisi\u00f3n Nacional de B\u00fasqueda (CNB) de la Secretar\u00eda de Gobernaci\u00f3n (Segob).<\/p>\n\n\n\n<p>Aunque L\u00f3pez Obrador lleg\u00f3 al poder con la promesa de ayudar a las v\u00edctimas, los colectivos denunciaron que persiste la impunidad y que en el Gobierno hay &#8220;o\u00eddos sordos&#8221;.<\/p>\n\n\n\n<p>&#8220;Los desaparecidos son nuestros desaparecidos, pero tambi\u00e9n del presidente y no deben repartirse en administraciones ni gestionar la verdad desde su pol\u00edtica de militarizaci\u00f3n&#8221;, cuestionaron los activistas de &#8220;Hasta encontrarte&#8221;.<\/p>\n\n\n\n<p>La manifestaci\u00f3n ocurre tras la visita en noviembre pasado del Comit\u00e9 Contra la Desaparici\u00f3n Forzada de la ONU, que presentar\u00e1 en marzo pr\u00f3ximo sus recomendaciones.<\/p>\n\n\n\n<p>Los colectivos cuestionaron que el presidente le haya &#8220;pedido pruebas&#8221; al Comit\u00e9 de que persisten las desapariciones en su Administraci\u00f3n.<\/p>\n\n\n\n<p>&#8220;Llegamos nosotras con la dignidad entera como prueba fehaciente de que las desapariciones s\u00ed existen en Guanajuato y en el pa\u00eds, que no solo existen, sino que son sistem\u00e1ticas y generalizadas&#8221;, indicaron.<\/p>\n","protected":false},"excerpt":{"rendered":"<p>Familias mexicanas de personas desaparecidas recrearon este lunes fosas clandestinas en el Z\u00f3calo de Ciudad de M\u00e9xico, frente al Palacio Nacional, para protestar por la impunidad y la falta de investigaciones. Unos 15 colectivos de b\u00fasqueda llevaron mont\u00edculos de tierra en los que colocaron im\u00e1genes de sus seres queridos mientras el presidente, Andr\u00e9s Manuel L\u00f3pez [&hellip;]<\/p>\n","protected":false},"author":80,"featured_media":195138,"comment_status":"closed","ping_status":"closed","sticky":false,"template":"","format":"standard","meta":{"footnotes":""},"categories":[36],"tags":[],"class_list":["post-195137","post","type-post","status-publish","format-standard","has-post-thumbnail","hentry","category-nacion"],"_links":{"self":[{"href":"https:\/\/plazajuarez.mx\/historico\/wp-json\/wp\/v2\/posts\/195137","targetHints":{"allow":["GET"]}}],"collection":[{"href":"https:\/\/plazajuarez.mx\/historico\/wp-json\/wp\/v2\/posts"}],"about":[{"href":"https:\/\/plazajuarez.mx\/historico\/wp-json\/wp\/v2\/types\/post"}],"author":[{"embeddable":true,"href":"https:\/\/plazajuarez.mx\/historico\/wp-json\/wp\/v2\/users\/80"}],"replies":[{"embeddable":true,"href":"https:\/\/plazajuarez.mx\/historico\/wp-json\/wp\/v2\/comments?post=195137"}],"version-history":[{"count":0,"href":"https:\/\/plazajuarez.mx\/historico\/wp-json\/wp\/v2\/posts\/195137\/revisions"}],"wp:featuredmedia":[{"embeddable":true,"href":"https:\/\/plazajuarez.mx\/historico\/wp-json\/wp\/v2\/media\/195138"}],"wp:attachment":[{"href":"https:\/\/plazajuarez.mx\/historico\/wp-json\/wp\/v2\/media?parent=195137"}],"wp:term":[{"taxonomy":"category","embeddable":true,"href":"https:\/\/plazajuarez.mx\/historico\/wp-json\/wp\/v2\/categories?post=195137"},{"taxonomy":"post_tag","embeddable":true,"href":"https:\/\/plazajuarez.mx\/historico\/wp-json\/wp\/v2\/tags?post=195137"}],"curies":[{"name":"wp","href":"https:\/\/api.w.org\/{rel}","templated":true}]}}