{"id":195129,"date":"2021-12-13T12:38:51","date_gmt":"2021-12-13T18:38:51","guid":{"rendered":"https:\/\/plazajuarez.mx\/?p=195129"},"modified":"2021-12-13T12:39:00","modified_gmt":"2021-12-13T18:39:00","slug":"lopez-obrador-envia-apoyo-a-pedro-castillo-por-intento-de-destitucion-en-peru","status":"publish","type":"post","link":"https:\/\/plazajuarez.mx\/historico\/lopez-obrador-envia-apoyo-a-pedro-castillo-por-intento-de-destitucion-en-peru\/","title":{"rendered":"L\u00f3pez Obrador env\u00eda apoyo a Pedro Castillo por intento de destituci\u00f3n en Per\u00fa"},"content":{"rendered":"\n<p>(EFE) El presidente mexicano, Andr\u00e9s Manuel L\u00f3pez Obrador, expres\u00f3 este lunes su apoyo al mandatario de Per\u00fa, Pedro Castillo, por el intento de destituci\u00f3n presidencial impulsado por la oposici\u00f3n y que fracas\u00f3 la semana pasada.<\/p>\n\n\n\n<p>&#8220;Tenemos que ayudar a los pueblos hermanos, porque esto no es solo apoyar al presidente surgido de un movimiento popular, que es un dirigente que orgullosamente nace en la zona serrana, viene de las comunidades pobres\u201d, declar\u00f3 L\u00f3pez Obrador en su rueda de prensa matutina.<\/p>\n\n\n\n<p>El mandatario mexicano revel\u00f3 que envi\u00f3 al pa\u00eds andino al secretario de Hacienda, Rogelio Ram\u00edrez de la O, y a funcionarios de la Secretar\u00eda de Relaciones Exteriores (SRE) y de la Secretar\u00eda de Bienestar para &#8220;apoyar en lo que podamos&#8221;.<\/p>\n\n\n\n<p>&#8220;Fuimos, siendo muy respetuosos, a apoyar, sobre todo lo que se pueda hacer para ayudar a la gente humilde, a la gente pobre en tiempos dif\u00edciles&#8221;, expuso sin precisar la fecha y resultados del viaje.<\/p>\n\n\n\n<p>Sus declaraciones se producen despu\u00e9s de la moci\u00f3n promovida por la derecha y la ultraderecha peruana, incluyendo al partido fujimorista Fuerza Popular, para destituir al izquierdista Castillo.<\/p>\n\n\n\n<p>La destituci\u00f3n fracas\u00f3 el martes de la semana pasada, pero se qued\u00f3 a solo seis votos para admitir a tr\u00e1mite la moci\u00f3n y, con ello, abrir un proceso de vacancia presidencial.<\/p>\n\n\n\n<p>En este contexto, L\u00f3pez Obrador reproch\u00f3 que &#8220;los adversarios&#8221; iniciaron el proceso de destituci\u00f3n de Castillo solo un mes y medio despu\u00e9s que asumiera el poder.<\/p>\n\n\n\n<p>&#8220;Imag\u00ednense esta situaci\u00f3n, de un conservadurismo, bueno, apoyado hasta por (el escritor Mario) Vargas Llosa, una cosa irracional. Entonces nos pidi\u00f3 apoyo el presidente porque hay toda una campa\u00f1a en contra, medi\u00e1tica, adem\u00e1s adelantada, aparejada de la inflaci\u00f3n&#8221;, mencion\u00f3.<\/p>\n\n\n\n<p>El presidente de M\u00e9xico cuestion\u00f3 que en Per\u00fa, seg\u00fan \u00e9l, baste el 20 % de los votos del Congreso para aceptar una solicitud para la remoci\u00f3n del presidente y 40 % para &#8220;quitarlo&#8221;.<\/p>\n\n\n\n<p>La moci\u00f3n de destituci\u00f3n presidencial contra Castillo ha sido la quinta presentada en el Parlamento peruano en los \u00faltimos cuatro a\u00f1os, lo que impidi\u00f3 culminar sus mandatos a los expresidentes Pedro Pablo Kuczynski (2016-2018) y Mart\u00edn Vizcarra (2018-2020).<\/p>\n\n\n\n<p>L\u00f3pez Obrador consider\u00f3 que &#8220;ah\u00ed hay algo que vale la pena comentarlo, porque no solo es el Per\u00fa&#8221;.<\/p>\n\n\n\n<p>&#8220;Durante el periodo neoliberal, los due\u00f1os del mundo, porque esto no es espont\u00e1neo, no es casual, fueron creando sistemas de Gobierno para que no pudiera llegar un l\u00edder popular a gobernar y que si llegaba un l\u00edder popular lo pudieran rodear y tenerlo atado&#8221;, critic\u00f3.<\/p>\n","protected":false},"excerpt":{"rendered":"<p>(EFE) El presidente mexicano, Andr\u00e9s Manuel L\u00f3pez Obrador, expres\u00f3 este lunes su apoyo al mandatario de Per\u00fa, Pedro Castillo, por el intento de destituci\u00f3n presidencial impulsado por la oposici\u00f3n y que fracas\u00f3 la semana pasada. &#8220;Tenemos que ayudar a los pueblos hermanos, porque esto no es solo apoyar al presidente surgido de un movimiento popular, [&hellip;]<\/p>\n","protected":false},"author":80,"featured_media":195131,"comment_status":"closed","ping_status":"closed","sticky":false,"template":"","format":"standard","meta":{"footnotes":""},"categories":[36],"tags":[],"class_list":["post-195129","post","type-post","status-publish","format-standard","has-post-thumbnail","hentry","category-nacion"],"_links":{"self":[{"href":"https:\/\/plazajuarez.mx\/historico\/wp-json\/wp\/v2\/posts\/195129","targetHints":{"allow":["GET"]}}],"collection":[{"href":"https:\/\/plazajuarez.mx\/historico\/wp-json\/wp\/v2\/posts"}],"about":[{"href":"https:\/\/plazajuarez.mx\/historico\/wp-json\/wp\/v2\/types\/post"}],"author":[{"embeddable":true,"href":"https:\/\/plazajuarez.mx\/historico\/wp-json\/wp\/v2\/users\/80"}],"replies":[{"embeddable":true,"href":"https:\/\/plazajuarez.mx\/historico\/wp-json\/wp\/v2\/comments?post=195129"}],"version-history":[{"count":0,"href":"https:\/\/plazajuarez.mx\/historico\/wp-json\/wp\/v2\/posts\/195129\/revisions"}],"wp:featuredmedia":[{"embeddable":true,"href":"https:\/\/plazajuarez.mx\/historico\/wp-json\/wp\/v2\/media\/195131"}],"wp:attachment":[{"href":"https:\/\/plazajuarez.mx\/historico\/wp-json\/wp\/v2\/media?parent=195129"}],"wp:term":[{"taxonomy":"category","embeddable":true,"href":"https:\/\/plazajuarez.mx\/historico\/wp-json\/wp\/v2\/categories?post=195129"},{"taxonomy":"post_tag","embeddable":true,"href":"https:\/\/plazajuarez.mx\/historico\/wp-json\/wp\/v2\/tags?post=195129"}],"curies":[{"name":"wp","href":"https:\/\/api.w.org\/{rel}","templated":true}]}}