{"id":195124,"date":"2021-12-13T12:29:36","date_gmt":"2021-12-13T18:29:36","guid":{"rendered":"https:\/\/plazajuarez.mx\/?p=195124"},"modified":"2021-12-13T12:29:49","modified_gmt":"2021-12-13T18:29:49","slug":"comite-ejecutivo-estatal-de-morena-se-posiciona-respecto-a-acciones-de-francisco-xavier","status":"publish","type":"post","link":"https:\/\/plazajuarez.mx\/historico\/comite-ejecutivo-estatal-de-morena-se-posiciona-respecto-a-acciones-de-francisco-xavier\/","title":{"rendered":"Comit\u00e9 Ejecutivo Estatal de Morena se posiciona respecto a acciones de Francisco Xavier"},"content":{"rendered":"\n<p>En conferencia de prensa, Sandra Alicia Ordo\u00f1ez, presidenta del Comit\u00e9 Ejecutivo de Morena, lament\u00f3 la decisi\u00f3n de Francisco Xavier Berganza de solicitar su licencia como diputado para buscar la candidatura independiente aspirando ser gobernador del estado de Hidalgo<\/p>\n\n\n\n<p>Se\u00f1al\u00f3 que respetan la decisi\u00f3n pero que no la comparten pues lo correcto era una &#8220;ruta legislativa&#8221; pues est\u00e1 por aprobarse la ley de ingresos en el Congreso del estado.<\/p>\n\n\n\n<p>Indic\u00f3 que fue a las dos de la ma\u00f1ana que recibieron el documento donde el diputado plurinominal pidi\u00f3 su licencia.<\/p>\n","protected":false},"excerpt":{"rendered":"<p>En conferencia de prensa, Sandra Alicia Ordo\u00f1ez, presidenta del Comit\u00e9 Ejecutivo de Morena, lament\u00f3 la decisi\u00f3n de Francisco Xavier Berganza de solicitar su licencia como diputado para buscar la candidatura independiente aspirando ser gobernador del estado de Hidalgo Se\u00f1al\u00f3 que respetan la decisi\u00f3n pero que no la comparten pues lo correcto era una &#8220;ruta legislativa&#8221; [&hellip;]<\/p>\n","protected":false},"author":101,"featured_media":186241,"comment_status":"closed","ping_status":"closed","sticky":false,"template":"","format":"standard","meta":{"footnotes":""},"categories":[15,59],"tags":[],"class_list":["post-195124","post","type-post","status-publish","format-standard","has-post-thumbnail","hentry","category-destacadas","category-general"],"_links":{"self":[{"href":"https:\/\/plazajuarez.mx\/historico\/wp-json\/wp\/v2\/posts\/195124","targetHints":{"allow":["GET"]}}],"collection":[{"href":"https:\/\/plazajuarez.mx\/historico\/wp-json\/wp\/v2\/posts"}],"about":[{"href":"https:\/\/plazajuarez.mx\/historico\/wp-json\/wp\/v2\/types\/post"}],"author":[{"embeddable":true,"href":"https:\/\/plazajuarez.mx\/historico\/wp-json\/wp\/v2\/users\/101"}],"replies":[{"embeddable":true,"href":"https:\/\/plazajuarez.mx\/historico\/wp-json\/wp\/v2\/comments?post=195124"}],"version-history":[{"count":0,"href":"https:\/\/plazajuarez.mx\/historico\/wp-json\/wp\/v2\/posts\/195124\/revisions"}],"wp:featuredmedia":[{"embeddable":true,"href":"https:\/\/plazajuarez.mx\/historico\/wp-json\/wp\/v2\/media\/186241"}],"wp:attachment":[{"href":"https:\/\/plazajuarez.mx\/historico\/wp-json\/wp\/v2\/media?parent=195124"}],"wp:term":[{"taxonomy":"category","embeddable":true,"href":"https:\/\/plazajuarez.mx\/historico\/wp-json\/wp\/v2\/categories?post=195124"},{"taxonomy":"post_tag","embeddable":true,"href":"https:\/\/plazajuarez.mx\/historico\/wp-json\/wp\/v2\/tags?post=195124"}],"curies":[{"name":"wp","href":"https:\/\/api.w.org\/{rel}","templated":true}]}}