{"id":195116,"date":"2021-12-13T09:27:25","date_gmt":"2021-12-13T15:27:25","guid":{"rendered":"https:\/\/plazajuarez.mx\/?p=195116"},"modified":"2021-12-13T09:27:36","modified_gmt":"2021-12-13T15:27:36","slug":"suburbano-llegara-a-aifa-18-meses-despues","status":"publish","type":"post","link":"https:\/\/plazajuarez.mx\/historico\/suburbano-llegara-a-aifa-18-meses-despues\/","title":{"rendered":"Suburbano llegar\u00e1 a AIFA 18 meses despu\u00e9s"},"content":{"rendered":"\n<p>(EL UNIVERSAL) Si bien el gobierno plante\u00f3 iniciar la primera fase del Aeropuerto Internacional Felipe \u00c1ngeles el 21 de marzo de 2022, las vialidades de acceso, sobre todo las vitales para llevar a miles de pasajeros, avanzan lento. A 100 d\u00edas del banderazo de salida, la ampliaci\u00f3n del Tren Suburbano lleva un avance de 0%, seg\u00fan informaci\u00f3n del ejecutor del proyecto, la Direcci\u00f3n General de Desarrollo Ferroviario y Multimodal, y se prev\u00e9 que inicie operaciones en septiembre de 2023; 18 meses despu\u00e9s del AIFA.<\/p>\n\n\n\n<p>El An\u00e1lisis costo-beneficio del proyecto de extensi\u00f3n del Tren Suburbano de Lecher\u00eda a Santa Luc\u00eda, supone &#8220;una extensi\u00f3n de 23 kil\u00f3metros hasta el futuro aeropuerto internacional&#8221;, que con el tramo existente permitir\u00eda 23 mil 26 viajes diarios\u201d.<\/p>\n","protected":false},"excerpt":{"rendered":"<p>(EL UNIVERSAL) Si bien el gobierno plante\u00f3 iniciar la primera fase del Aeropuerto Internacional Felipe \u00c1ngeles el 21 de marzo de 2022, las vialidades de acceso, sobre todo las vitales para llevar a miles de pasajeros, avanzan lento. A 100 d\u00edas del banderazo de salida, la ampliaci\u00f3n del Tren Suburbano lleva un avance de 0%, [&hellip;]<\/p>\n","protected":false},"author":81,"featured_media":195119,"comment_status":"closed","ping_status":"closed","sticky":false,"template":"","format":"standard","meta":{"footnotes":""},"categories":[36],"tags":[],"class_list":["post-195116","post","type-post","status-publish","format-standard","has-post-thumbnail","hentry","category-nacion"],"_links":{"self":[{"href":"https:\/\/plazajuarez.mx\/historico\/wp-json\/wp\/v2\/posts\/195116","targetHints":{"allow":["GET"]}}],"collection":[{"href":"https:\/\/plazajuarez.mx\/historico\/wp-json\/wp\/v2\/posts"}],"about":[{"href":"https:\/\/plazajuarez.mx\/historico\/wp-json\/wp\/v2\/types\/post"}],"author":[{"embeddable":true,"href":"https:\/\/plazajuarez.mx\/historico\/wp-json\/wp\/v2\/users\/81"}],"replies":[{"embeddable":true,"href":"https:\/\/plazajuarez.mx\/historico\/wp-json\/wp\/v2\/comments?post=195116"}],"version-history":[{"count":0,"href":"https:\/\/plazajuarez.mx\/historico\/wp-json\/wp\/v2\/posts\/195116\/revisions"}],"wp:featuredmedia":[{"embeddable":true,"href":"https:\/\/plazajuarez.mx\/historico\/wp-json\/wp\/v2\/media\/195119"}],"wp:attachment":[{"href":"https:\/\/plazajuarez.mx\/historico\/wp-json\/wp\/v2\/media?parent=195116"}],"wp:term":[{"taxonomy":"category","embeddable":true,"href":"https:\/\/plazajuarez.mx\/historico\/wp-json\/wp\/v2\/categories?post=195116"},{"taxonomy":"post_tag","embeddable":true,"href":"https:\/\/plazajuarez.mx\/historico\/wp-json\/wp\/v2\/tags?post=195116"}],"curies":[{"name":"wp","href":"https:\/\/api.w.org\/{rel}","templated":true}]}}