{"id":195115,"date":"2021-12-13T09:26:34","date_gmt":"2021-12-13T15:26:34","guid":{"rendered":"https:\/\/plazajuarez.mx\/?p=195115"},"modified":"2021-12-13T09:26:41","modified_gmt":"2021-12-13T15:26:41","slug":"recibira-ciudad-de-mexico-a-caravana-migrante-en-iztapalapa","status":"publish","type":"post","link":"https:\/\/plazajuarez.mx\/historico\/recibira-ciudad-de-mexico-a-caravana-migrante-en-iztapalapa\/","title":{"rendered":"Recibir\u00e1 Ciudad de M\u00e9xico a caravana migrante en Iztapalapa"},"content":{"rendered":"\n<p>(EL UNIVERSAL) Desde el Deportivo Santa Martha Acatitla, en la alcald\u00eda Iztapalapa, el secretario de Gobierno de la Ciudad de M\u00e9xico, Mart\u00ed Batres, y la presidenta de la Comisi\u00f3n de Derechos Humanos local, Nashieli Ram\u00edrez, informaron que ya tienen toda la instalaci\u00f3n para recibir y dar asistencia humanitaria y social a la caravana migrante que arribar\u00e1 a la capital del pa\u00eds.<\/p>\n\n\n\n<p>Batres coment\u00f3 que para los poco menos de 400 migrantes se instal\u00f3 una carpa para que pernocten hombres, mujeres y ni\u00f1os, tambi\u00e9n un comedor, regaderas, lavabos de manos, as\u00ed como inodoros, y tambi\u00e9n un equipo para atenci\u00f3n m\u00e9dica y asistencia dental.<\/p>\n\n\n\n<p><strong>HABR\u00c1 M\u00d3DULO COVID<\/strong><\/p>\n\n\n\n<p>Explic\u00f3 que habr\u00e1 un puesto de mando de la Comisi\u00f3n de Derechos Humanos de la Ciudad de M\u00e9xico, tambi\u00e9n habr\u00e1 un puesto especial para la detecci\u00f3n de Covid-19 as\u00ed como vacunaci\u00f3n, &#8220;en caso de un caso en particular habr\u00eda un hospital listo para poder atender las personas que tuvieran esta problem\u00e1tica&#8221;.<\/p>\n\n\n\n<p>&#8220;Est\u00e1 toda la infraestructura dispuesta para poder dar asistencia humanitaria y social, y un tratamiento con enfoque de derechos humanos a las personas migrantes que se aproximan\u201d.\u00a0<\/p>\n","protected":false},"excerpt":{"rendered":"<p>(EL UNIVERSAL) Desde el Deportivo Santa Martha Acatitla, en la alcald\u00eda Iztapalapa, el secretario de Gobierno de la Ciudad de M\u00e9xico, Mart\u00ed Batres, y la presidenta de la Comisi\u00f3n de Derechos Humanos local, Nashieli Ram\u00edrez, informaron que ya tienen toda la instalaci\u00f3n para recibir y dar asistencia humanitaria y social a la caravana migrante que [&hellip;]<\/p>\n","protected":false},"author":81,"featured_media":195117,"comment_status":"closed","ping_status":"closed","sticky":false,"template":"","format":"standard","meta":{"footnotes":""},"categories":[15,36,2160],"tags":[],"class_list":["post-195115","post","type-post","status-publish","format-standard","has-post-thumbnail","hentry","category-destacadas","category-nacion","category-noticias-de-la-ciudad-de-mexico"],"_links":{"self":[{"href":"https:\/\/plazajuarez.mx\/historico\/wp-json\/wp\/v2\/posts\/195115","targetHints":{"allow":["GET"]}}],"collection":[{"href":"https:\/\/plazajuarez.mx\/historico\/wp-json\/wp\/v2\/posts"}],"about":[{"href":"https:\/\/plazajuarez.mx\/historico\/wp-json\/wp\/v2\/types\/post"}],"author":[{"embeddable":true,"href":"https:\/\/plazajuarez.mx\/historico\/wp-json\/wp\/v2\/users\/81"}],"replies":[{"embeddable":true,"href":"https:\/\/plazajuarez.mx\/historico\/wp-json\/wp\/v2\/comments?post=195115"}],"version-history":[{"count":0,"href":"https:\/\/plazajuarez.mx\/historico\/wp-json\/wp\/v2\/posts\/195115\/revisions"}],"wp:featuredmedia":[{"embeddable":true,"href":"https:\/\/plazajuarez.mx\/historico\/wp-json\/wp\/v2\/media\/195117"}],"wp:attachment":[{"href":"https:\/\/plazajuarez.mx\/historico\/wp-json\/wp\/v2\/media?parent=195115"}],"wp:term":[{"taxonomy":"category","embeddable":true,"href":"https:\/\/plazajuarez.mx\/historico\/wp-json\/wp\/v2\/categories?post=195115"},{"taxonomy":"post_tag","embeddable":true,"href":"https:\/\/plazajuarez.mx\/historico\/wp-json\/wp\/v2\/tags?post=195115"}],"curies":[{"name":"wp","href":"https:\/\/api.w.org\/{rel}","templated":true}]}}