{"id":195112,"date":"2021-12-13T09:23:34","date_gmt":"2021-12-13T15:23:34","guid":{"rendered":"https:\/\/plazajuarez.mx\/?p=195112"},"modified":"2021-12-13T13:33:08","modified_gmt":"2021-12-13T19:33:08","slug":"prensa-del-orbe-destaco-la-muerte-de-fernandez","status":"publish","type":"post","link":"https:\/\/plazajuarez.mx\/historico\/prensa-del-orbe-destaco-la-muerte-de-fernandez\/","title":{"rendered":"Prensa del orbe, destac\u00f3 la muerte de Fern\u00e1ndez"},"content":{"rendered":"\n<p>Medios en Estados Unidos y Latinoam\u00e9rica destacaron ayer en sus sitios la noticia de la muerte del cantante mexicano Vicente Fern\u00e1ndez.<\/p>\n\n\n\n<p>El diario estadounidense The Washington Post public\u00f3 la nota &#8220;Vicente Fern\u00e1ndez, rey de la m\u00fasica ranchera, muere a los 81 a\u00f1os&#8221;. En ella, se\u00f1al\u00f3 que el mexicano cantaba himnos &#8220;sobre vaqueros, pleitos de enamorados, peleas de gallos y tequila, convirti\u00e9ndose en uno de los cantantes m\u00e1s populares de M\u00e9xico&#8221;.<\/p>\n\n\n\n<p>La National Public Radio (NPR) tambi\u00e9n public\u00f3 un obituario de Fern\u00e1ndez, a quien describi\u00f3 como uno de los &#8220;\u00edconos culturales m\u00e1s grandes de M\u00e9xico, adorado por su voz aterciopelada y su devoci\u00f3n por las canciones sobre la tradici\u00f3n rural: sobre el cortejo y el honor, las peleas de gallo y los rodeos, la pasi\u00f3n y los corazones rotos&#8221;.<\/p>\n\n\n\n<p>En Latinoam\u00e9rica, el diario guatemalteco Prensa Libre puso como principal la nota del deceso de Fern\u00e1ndez, de quien hizo un recuento sobre sus altibajos de salud, y se\u00f1al\u00f3 que &#8220;el charro de Huentit\u00e1n&#8221; tendr\u00e1 su serie biogr\u00e1fica, producida por Netflix y la colombiana Caracol Radio.<\/p>\n\n\n\n<p>En el diario colombiano El Tiempo dedican una serie de notas al cantante mexicano, &#8220;\u00eddolo de la m\u00fasica mexicana&#8221;. El presidente Iv\u00e1n Duque expres\u00f3 su pesar por la muerte de Fern\u00e1ndez y destac\u00f3 que &#8220;la m\u00fasica est\u00e1 de luto&#8221;.<\/p>\n\n\n\n<p>La cadena CNN dio tambi\u00e9n la noticia y record\u00f3 la frase que dijera en alg\u00fan momento el cantante mexicano: &#8220;Yo soy de ustedes, hasta que Dios me recoja&#8221;, mientras que la cadena Telemundo interrumpi\u00f3 la transmisi\u00f3n en vivo de las celebraciones a la Virgen de Guadalupe para informar sobre la muerte de cantante.<\/p>\n","protected":false},"excerpt":{"rendered":"<p>Medios en Estados Unidos y Latinoam\u00e9rica destacaron ayer en sus sitios la noticia de la muerte del cantante mexicano Vicente Fern\u00e1ndez. El diario estadounidense The Washington Post public\u00f3 la nota &#8220;Vicente Fern\u00e1ndez, rey de la m\u00fasica ranchera, muere a los 81 a\u00f1os&#8221;. En ella, se\u00f1al\u00f3 que el mexicano cantaba himnos &#8220;sobre vaqueros, pleitos de enamorados, [&hellip;]<\/p>\n","protected":false},"author":81,"featured_media":195113,"comment_status":"closed","ping_status":"closed","sticky":false,"template":"","format":"standard","meta":{"footnotes":""},"categories":[38,2166],"tags":[],"class_list":["post-195112","post","type-post","status-publish","format-standard","has-post-thumbnail","hentry","category-show","category-viral"],"_links":{"self":[{"href":"https:\/\/plazajuarez.mx\/historico\/wp-json\/wp\/v2\/posts\/195112","targetHints":{"allow":["GET"]}}],"collection":[{"href":"https:\/\/plazajuarez.mx\/historico\/wp-json\/wp\/v2\/posts"}],"about":[{"href":"https:\/\/plazajuarez.mx\/historico\/wp-json\/wp\/v2\/types\/post"}],"author":[{"embeddable":true,"href":"https:\/\/plazajuarez.mx\/historico\/wp-json\/wp\/v2\/users\/81"}],"replies":[{"embeddable":true,"href":"https:\/\/plazajuarez.mx\/historico\/wp-json\/wp\/v2\/comments?post=195112"}],"version-history":[{"count":0,"href":"https:\/\/plazajuarez.mx\/historico\/wp-json\/wp\/v2\/posts\/195112\/revisions"}],"wp:featuredmedia":[{"embeddable":true,"href":"https:\/\/plazajuarez.mx\/historico\/wp-json\/wp\/v2\/media\/195113"}],"wp:attachment":[{"href":"https:\/\/plazajuarez.mx\/historico\/wp-json\/wp\/v2\/media?parent=195112"}],"wp:term":[{"taxonomy":"category","embeddable":true,"href":"https:\/\/plazajuarez.mx\/historico\/wp-json\/wp\/v2\/categories?post=195112"},{"taxonomy":"post_tag","embeddable":true,"href":"https:\/\/plazajuarez.mx\/historico\/wp-json\/wp\/v2\/tags?post=195112"}],"curies":[{"name":"wp","href":"https:\/\/api.w.org\/{rel}","templated":true}]}}