{"id":195104,"date":"2021-12-13T09:09:16","date_gmt":"2021-12-13T15:09:16","guid":{"rendered":"https:\/\/plazajuarez.mx\/?p=195104"},"modified":"2021-12-13T09:09:29","modified_gmt":"2021-12-13T15:09:29","slug":"lo-sentencian-a-34-anos-de-prision-por-feminicidio-de-una-mujer-transgenero","status":"publish","type":"post","link":"https:\/\/plazajuarez.mx\/historico\/lo-sentencian-a-34-anos-de-prision-por-feminicidio-de-una-mujer-transgenero\/","title":{"rendered":"Lo sentencian a 34 a\u00f1os de prisi\u00f3n, por feminicidio de una mujer transg\u00e9nero"},"content":{"rendered":"\n<p>Personal ministerial de la Fiscal\u00eda de Delitos de G\u00e9nero y Trata de Personas, present\u00f3 medios de prueba contundentes para probar plenamente ante la autoridad judicial, la responsabilidad de una persona en hechos que la ley se\u00f1ala como feminicidio.<\/p>\n\n\n\n<p>En marzo de 2019, un agente del Ministerio P\u00fablico, adscrito a la Subprocuradur\u00eda poniente, inici\u00f3 una carpeta de investigaci\u00f3n luego del hallazgo del cuerpo sin vida de una mujer transg\u00e9nero, en Tepeji del R\u00edo.<\/p>\n\n\n\n<p>Derivado de lo ocurrido, la Fiscal\u00eda de delitos de g\u00e9nero y trata de personas, intervino para realizar las investigaciones, bajo el protocolo de feminicidio.<\/p>\n\n\n\n<p>Las indagatorias de la etapa inicial, determinaron la probable responsabilidad de Baltazar \u201cN\u201d, en la muerte de la v\u00edctima, a consecuencia de traumatismo craneal. Derivado de lo anterior, una agente del Ministerio P\u00fablico solicit\u00f3 al juez de control la orden de aprehensi\u00f3n correspondiente.<\/p>\n\n\n\n<p>Una vez que dicho mandamiento judicial fue concedido, agentes de la hoy Divisi\u00f3n de investigaci\u00f3n, le dieron cumplimiento y presentaron al probable responsable ante la autoridad judicial.<\/p>\n\n\n\n<p>En el desahogo de la audiencia inicial, la agente del Ministerio P\u00fablico formul\u00f3 la imputaci\u00f3n contra quien hasta ese momento era el probable responsable, mismo que fue vinculado a proceso por los hechos antes citados.<\/p>\n\n\n\n<p>Posteriormente, el imputado renunci\u00f3 a su derecho de ser juzgado a trav\u00e9s de un juicio oral y acept\u00f3 un procedimiento abreviado como forma anticipada para concluir el proceso penal.<\/p>\n\n\n\n<p>A trav\u00e9s de este, se obtuvo sentencia condenatoria de 34 a\u00f1os, cuatro meses y 15 d\u00edas de prisi\u00f3n para el responsable.<\/p>\n\n\n\n<p>Esta investigaci\u00f3n de la Procuradur\u00eda General de Justicia del Estado de Hidalgo representa un hecho hist\u00f3rico para Hidalgo, ya que constituye un precedente jur\u00eddico penal en perspectiva de g\u00e9nero y defensa de los Derechos Humanos.<\/p>\n","protected":false},"excerpt":{"rendered":"<p>Personal ministerial de la Fiscal\u00eda de Delitos de G\u00e9nero y Trata de Personas, present\u00f3 medios de prueba contundentes para probar plenamente ante la autoridad judicial, la responsabilidad de una persona en hechos que la ley se\u00f1ala como feminicidio. En marzo de 2019, un agente del Ministerio P\u00fablico, adscrito a la Subprocuradur\u00eda poniente, inici\u00f3 una carpeta [&hellip;]<\/p>\n","protected":false},"author":93,"featured_media":195107,"comment_status":"closed","ping_status":"closed","sticky":false,"template":"","format":"standard","meta":{"footnotes":""},"categories":[37],"tags":[],"class_list":["post-195104","post","type-post","status-publish","format-standard","has-post-thumbnail","hentry","category-barandilla"],"_links":{"self":[{"href":"https:\/\/plazajuarez.mx\/historico\/wp-json\/wp\/v2\/posts\/195104","targetHints":{"allow":["GET"]}}],"collection":[{"href":"https:\/\/plazajuarez.mx\/historico\/wp-json\/wp\/v2\/posts"}],"about":[{"href":"https:\/\/plazajuarez.mx\/historico\/wp-json\/wp\/v2\/types\/post"}],"author":[{"embeddable":true,"href":"https:\/\/plazajuarez.mx\/historico\/wp-json\/wp\/v2\/users\/93"}],"replies":[{"embeddable":true,"href":"https:\/\/plazajuarez.mx\/historico\/wp-json\/wp\/v2\/comments?post=195104"}],"version-history":[{"count":0,"href":"https:\/\/plazajuarez.mx\/historico\/wp-json\/wp\/v2\/posts\/195104\/revisions"}],"wp:featuredmedia":[{"embeddable":true,"href":"https:\/\/plazajuarez.mx\/historico\/wp-json\/wp\/v2\/media\/195107"}],"wp:attachment":[{"href":"https:\/\/plazajuarez.mx\/historico\/wp-json\/wp\/v2\/media?parent=195104"}],"wp:term":[{"taxonomy":"category","embeddable":true,"href":"https:\/\/plazajuarez.mx\/historico\/wp-json\/wp\/v2\/categories?post=195104"},{"taxonomy":"post_tag","embeddable":true,"href":"https:\/\/plazajuarez.mx\/historico\/wp-json\/wp\/v2\/tags?post=195104"}],"curies":[{"name":"wp","href":"https:\/\/api.w.org\/{rel}","templated":true}]}}