{"id":195103,"date":"2021-12-13T09:06:29","date_gmt":"2021-12-13T15:06:29","guid":{"rendered":"https:\/\/plazajuarez.mx\/?p=195103"},"modified":"2021-12-13T09:06:42","modified_gmt":"2021-12-13T15:06:42","slug":"hidalgo-sede-de-una-capacitacion-operativa-impartida-por-la-policia-nacional-de-espana","status":"publish","type":"post","link":"https:\/\/plazajuarez.mx\/historico\/hidalgo-sede-de-una-capacitacion-operativa-impartida-por-la-policia-nacional-de-espana\/","title":{"rendered":"Hidalgo, sede de una capacitaci\u00f3n operativa impartida por la Polic\u00eda Nacional de Espa\u00f1a"},"content":{"rendered":"\n<p>Gracias a las gestiones realizadas por el Gobierno de Omar Fayad, y con la finalidad de fomentar la mejora de la funci\u00f3n policial, agentes de seguridad estatal de Hidalgo recibieron capacitaci\u00f3n del Grupo Especial de Operaciones de la Polic\u00eda Nacional de Espa\u00f1a.<\/p>\n\n\n\n<p>El curso, impartido en el Instituto de Formaci\u00f3n Profesional de la Secretar\u00eda de Seguridad P\u00fablica de la entidad, fue recibido, adem\u00e1s, por efectivos de cuerpos de seguridad de Morelos, Ciudad de M\u00e9xico, Baja California, Guerrero, Puebla y San Luis Potos\u00ed.<\/p>\n\n\n\n<p>Durante las actividades, Mauricio Delmar Saavedra, secretario de Seguridad P\u00fablica, destac\u00f3 la presencia del Grupo Especial de Operaciones (GEO) de Espa\u00f1a en Hidalgo, que hoy en d\u00eda representa una de las 5 unidades policiales m\u00e1s reconocidas en el mundo.<\/p>\n\n\n\n<p>\u201cEs en este marco que buscamos, por todos los caminos, en todas las instancias, la coordinaci\u00f3n, cooperaci\u00f3n, capacitaci\u00f3n y canales de entendimiento para tener mejores condiciones de armon\u00eda y paz para Hidalgo\u201d.<\/p>\n\n\n\n<p>En su oportunidad, Nicol\u00e1s D\u00edaz-Pache Lallier, ministro consejero de la Embajada de Espa\u00f1a en M\u00e9xico, manifest\u00f3 que este curso es el reflejo de las excelentes e intensas relaciones entre Espa\u00f1a y M\u00e9xico, en el \u00e1mbito de la cooperaci\u00f3n en materia de seguridad.<\/p>\n\n\n\n<p>\u201cHoy tenemos reunidas a diversas entidades en un mismo lugar con los GEO, un grupo de servidores p\u00fablicos espa\u00f1oles que han estado presentes en los momentos m\u00e1s dif\u00edciles de terrorismo\u201d, dijo.<\/p>\n\n\n\n<p>Finalmente, Jos\u00e9 Carlos Castillo Fern\u00e1ndez, consejero de Interior en la Embajada de Espa\u00f1a en M\u00e9xico, dijo que el intercambio de experiencias \u201cpermitir\u00e1 nutrir los trabajos de cada una de las corporaciones que est\u00e1n participando\u201d y reconoci\u00f3 a la entidad como un ejemplo de esfuerzos en tareas de seguridad.<\/p>\n\n\n\n<p>\u201cEn estas dos semanas, los participantes han compartido experiencias y conocimientos para un mejor aprendizaje con la participaci\u00f3n de varios estados; reconozco a Hidalgo por su modelo policial, como su C5i, para m\u00ed un modelo de C5, y un modelo en general de seguridad este estado\u201d.<\/p>\n\n\n\n<p>Las 80 horas que contempla este curso de capacitaci\u00f3n especializada, celebrado en la academia policial hidalguense, dirigida por Alberto Hidalgo Montes, involucra temas como: presentaci\u00f3n de armamento y equipo t\u00e1ctico, entrenamiento, manejo de herramientas, adem\u00e1s de pruebas f\u00edsicas y mentales para una correcta actuaci\u00f3n e intervenci\u00f3n policial, entre otros.<\/p>\n","protected":false},"excerpt":{"rendered":"<p>Gracias a las gestiones realizadas por el Gobierno de Omar Fayad, y con la finalidad de fomentar la mejora de la funci\u00f3n policial, agentes de seguridad estatal de Hidalgo recibieron capacitaci\u00f3n del Grupo Especial de Operaciones de la Polic\u00eda Nacional de Espa\u00f1a. El curso, impartido en el Instituto de Formaci\u00f3n Profesional de la Secretar\u00eda de [&hellip;]<\/p>\n","protected":false},"author":93,"featured_media":195105,"comment_status":"closed","ping_status":"closed","sticky":false,"template":"","format":"standard","meta":{"footnotes":""},"categories":[37,15],"tags":[],"class_list":["post-195103","post","type-post","status-publish","format-standard","has-post-thumbnail","hentry","category-barandilla","category-destacadas"],"_links":{"self":[{"href":"https:\/\/plazajuarez.mx\/historico\/wp-json\/wp\/v2\/posts\/195103","targetHints":{"allow":["GET"]}}],"collection":[{"href":"https:\/\/plazajuarez.mx\/historico\/wp-json\/wp\/v2\/posts"}],"about":[{"href":"https:\/\/plazajuarez.mx\/historico\/wp-json\/wp\/v2\/types\/post"}],"author":[{"embeddable":true,"href":"https:\/\/plazajuarez.mx\/historico\/wp-json\/wp\/v2\/users\/93"}],"replies":[{"embeddable":true,"href":"https:\/\/plazajuarez.mx\/historico\/wp-json\/wp\/v2\/comments?post=195103"}],"version-history":[{"count":0,"href":"https:\/\/plazajuarez.mx\/historico\/wp-json\/wp\/v2\/posts\/195103\/revisions"}],"wp:featuredmedia":[{"embeddable":true,"href":"https:\/\/plazajuarez.mx\/historico\/wp-json\/wp\/v2\/media\/195105"}],"wp:attachment":[{"href":"https:\/\/plazajuarez.mx\/historico\/wp-json\/wp\/v2\/media?parent=195103"}],"wp:term":[{"taxonomy":"category","embeddable":true,"href":"https:\/\/plazajuarez.mx\/historico\/wp-json\/wp\/v2\/categories?post=195103"},{"taxonomy":"post_tag","embeddable":true,"href":"https:\/\/plazajuarez.mx\/historico\/wp-json\/wp\/v2\/tags?post=195103"}],"curies":[{"name":"wp","href":"https:\/\/api.w.org\/{rel}","templated":true}]}}