{"id":195101,"date":"2021-12-13T08:38:31","date_gmt":"2021-12-13T14:38:31","guid":{"rendered":"https:\/\/plazajuarez.mx\/?p=195101"},"modified":"2021-12-13T08:38:42","modified_gmt":"2021-12-13T14:38:42","slug":"pulso-del-mezquital-94","status":"publish","type":"post","link":"https:\/\/plazajuarez.mx\/historico\/pulso-del-mezquital-94\/","title":{"rendered":"Pulso del Mezquital"},"content":{"rendered":"\n<p><\/p>\n\n\n\n<h2 class=\"wp-block-heading\"><strong>\u00a1El espect\u00e1culo est\u00e1 de luto!<\/strong><\/h2>\n\n\n\n<p><\/p>\n\n\n\n<p>\u00bfQu\u00e9 habremos hecho los mexicanos y los hidalguenses, que diosito nos est\u00e1 pegando justo donde m\u00e1s nos duele? Primero nos quit\u00f3 a do\u00f1a Carmelita Salinas, luego a don Vicente Fern\u00e1ndez y en Hidalgo, a don Francisco Xavier, quien no se muri\u00f3, pero que nuestro se\u00f1or lo guarde y se le olvide donde.&nbsp;<\/p>\n\n\n\n<p>Es una imprudencia morirse en estas fechas, pero escoger un domingo y un 12 de diciembre, eso s\u00ed es no tener conciencia, o sea, don Vicente Fern\u00e1ndez, no se puso a pensar en tantos y tantos crudos, que en ese estado asisten hoy a sus trabajos, porque este duelo nacional no lo vamos a pasar tomando agua.&nbsp;<\/p>\n\n\n\n<p>Pero no todo es tristeza, porque cuando un \u00eddolo muere, nace una leyenda y siempre habr\u00e1 qui\u00e9n lo sustituya con el tiempo, don Vicente Fern\u00e1ndez por ejemplo, podr\u00eda ser reemplazado por el diputado local, Edgar Hern\u00e1ndez Da\u00f1u, no, no por cantante, sino por mano larga. Y es que el diputado, a cierta hora, confund\u00eda la amabilidad con el coqueteo y entonces, no controlaba sus impulsos ni sus manos, sacando al todas m\u00edas que todos llevamos dentro.&nbsp;<\/p>\n\n\n\n<p>L\u00f3gicamente, los resentidazos sociales, esos que solo est\u00e1n esperando a que alguien caiga o resbale, les cay\u00f3 como anillo al dedo la historia de este legislador, un mexicano promedio que pasaba desapercibido, presumiendo sus idas a la playa, asistiendo a conciertos de corridos alterados y tumbados, no fue hasta que una chica solt\u00f3 la sopa, que no todo era rumba y party, sino que a \u00e9l le pasaba lo que a la cenicienta, despu\u00e9s de la media noche, se transformaba y ah\u00ed, es cuando daba \u00f1a\u00f1aras, poni\u00e9ndose violento y aventando adornos de casa.&nbsp;<\/p>\n\n\n\n<p>Las primeras reacciones fueron de manera local y entre los habitantes de las zonas aleda\u00f1as, quienes descalificaron la actitud del diputado y despu\u00e9s, pas\u00f3 a ser conocido m\u00e1s all\u00e1 de nuestras fronteras, como el diputado abusador y agresor de mujeres. Todo por golpear a mujeres que no quisieron juntar su anatom\u00eda con la de \u00e9l.&nbsp;<\/p>\n\n\n\n<p>Como sucede en estos casos, el diputado dijo, que no renunciar\u00e1 a su cargo hasta que no haya denuncias, aunque si \u00e9l fuera prudente, deber\u00eda retirarse con dignidad, porque en una de esas le toman la palabra y no solo tendr\u00e1 que irse, sino que tambi\u00e9n enfrentar\u00e1 la justicia y vivir\u00e1 en carne propia lo que \u00e9l le hizo a estas mujeres en esa noche de copas, esa noche loca, aunque a diferencia de ellas, quiz\u00e1 \u00e9l se pueda evitar la golpiza, o sea que se vaya mentalizando que flojito y cooperando.<\/p>\n\n\n\n<p>Cuando el diputado dice que no son ciertas las historias pese a las pruebas existentes, hay que creerle, sobretodo cuando volv\u00eda de un concierto de Gerardo Ortiz (vetado alguna vez por hacer apolog\u00eda del feminicidio), digo, si hubiese ido a un recital de la sinf\u00f3nica, alg\u00fan espect\u00e1culo en Bellas Artes o una salida a alg\u00fan museo, dudar\u00edamos de sus palabras, porque sin duda estar\u00edamos ante un limitado y ordinario ciudadano. No cabe duda, que los pol\u00edticos tambi\u00e9n lloran, sienten y se ofenden, a este paso ya solo falta que tambi\u00e9n tengamos que ofrecerle disculpas.&nbsp;<\/p>\n\n\n\n<p>En corto:&nbsp;<\/p>\n\n\n\n<p>\u2022 Respecto al tema del legislador de Ixmiquilpan, se habla de m\u00e1s casos de violencia, muy probablemente puedan denunciar penalmente en breve.&nbsp;<\/p>\n\n\n\n<p>S\u00edgame en twitter.&nbsp;<\/p>\n\n\n\n<p>@MarkoCabanas&nbsp;<\/p>\n","protected":false},"excerpt":{"rendered":"<p>\u00a1El espect\u00e1culo est\u00e1 de luto! \u00bfQu\u00e9 habremos hecho los mexicanos y los hidalguenses, que diosito nos est\u00e1 pegando justo donde m\u00e1s nos duele? Primero nos quit\u00f3 a do\u00f1a Carmelita Salinas, luego a don Vicente Fern\u00e1ndez y en Hidalgo, a don Francisco Xavier, quien no se muri\u00f3, pero que nuestro se\u00f1or lo guarde y se le [&hellip;]<\/p>\n","protected":false},"author":75,"featured_media":192223,"comment_status":"closed","ping_status":"closed","sticky":false,"template":"","format":"standard","meta":{"footnotes":""},"categories":[87],"tags":[],"class_list":["post-195101","post","type-post","status-publish","format-standard","has-post-thumbnail","hentry","category-marco-cabanas"],"_links":{"self":[{"href":"https:\/\/plazajuarez.mx\/historico\/wp-json\/wp\/v2\/posts\/195101","targetHints":{"allow":["GET"]}}],"collection":[{"href":"https:\/\/plazajuarez.mx\/historico\/wp-json\/wp\/v2\/posts"}],"about":[{"href":"https:\/\/plazajuarez.mx\/historico\/wp-json\/wp\/v2\/types\/post"}],"author":[{"embeddable":true,"href":"https:\/\/plazajuarez.mx\/historico\/wp-json\/wp\/v2\/users\/75"}],"replies":[{"embeddable":true,"href":"https:\/\/plazajuarez.mx\/historico\/wp-json\/wp\/v2\/comments?post=195101"}],"version-history":[{"count":0,"href":"https:\/\/plazajuarez.mx\/historico\/wp-json\/wp\/v2\/posts\/195101\/revisions"}],"wp:featuredmedia":[{"embeddable":true,"href":"https:\/\/plazajuarez.mx\/historico\/wp-json\/wp\/v2\/media\/192223"}],"wp:attachment":[{"href":"https:\/\/plazajuarez.mx\/historico\/wp-json\/wp\/v2\/media?parent=195101"}],"wp:term":[{"taxonomy":"category","embeddable":true,"href":"https:\/\/plazajuarez.mx\/historico\/wp-json\/wp\/v2\/categories?post=195101"},{"taxonomy":"post_tag","embeddable":true,"href":"https:\/\/plazajuarez.mx\/historico\/wp-json\/wp\/v2\/tags?post=195101"}],"curies":[{"name":"wp","href":"https:\/\/api.w.org\/{rel}","templated":true}]}}