{"id":195097,"date":"2021-12-13T08:36:15","date_gmt":"2021-12-13T14:36:15","guid":{"rendered":"https:\/\/plazajuarez.mx\/?p=195097"},"modified":"2021-12-13T08:36:24","modified_gmt":"2021-12-13T14:36:24","slug":"automovilista-manejaba-a-exceso-de-velocidad-arrollo-a-motociclistas","status":"publish","type":"post","link":"https:\/\/plazajuarez.mx\/historico\/automovilista-manejaba-a-exceso-de-velocidad-arrollo-a-motociclistas\/","title":{"rendered":"Automovilista manejaba a exceso de velocidad, arroll\u00f3 a motociclistas"},"content":{"rendered":"\n<p>APAN.- La falta de precauci\u00f3n de un automovilista, y el exceso de velocidad, provoc\u00f3 la muerte de un motociclista y su acompa\u00f1ante. Los hechos fueron reportados a las 03:30 horas del domingo, a la comandancia de Seguridad P\u00fablica Municipal, por un automovilista que pasaba por el lugar del accidente, y se percat\u00f3 que hab\u00eda dos cuerpos tirados en la cinta asf\u00e1ltica, mientras que el conductor del veh\u00edculo se encontraba al parecer inconsciente en el interior de la unidad.\u00a0\u00a0<\/p>\n\n\n\n<p>Asimismo, los param\u00e9dicos que atendieron al motociclista y a su acompa\u00f1ante, quienes estaban tirados sobre la cinta asf\u00e1ltica, se percataron que ambos presentaban graves fracturas expuestas y no contaban con signos vitales, debido al golpe.<\/p>\n\n\n\n<p>Durante el peritaje los polic\u00edas municipales se\u00f1alaron que el conductor de la camioneta, hab\u00eda sido el responsable del accidente ya que este circulaba a exceso de velocidad y sin precauci\u00f3n alguna, por lo que, en la curva ubicada en esta carretera, no se percat\u00f3 que en el mismo sentido circulaba la motocicleta, por lo que fue impactada por la parte trasera, ocasionando que ambas personas salieron despedidas y cayendo varios metros adelante, lo que ocasion\u00f3 que perdieran la vida de manera inmediata.<\/p>\n","protected":false},"excerpt":{"rendered":"<p>APAN.- La falta de precauci\u00f3n de un automovilista, y el exceso de velocidad, provoc\u00f3 la muerte de un motociclista y su acompa\u00f1ante. Los hechos fueron reportados a las 03:30 horas del domingo, a la comandancia de Seguridad P\u00fablica Municipal, por un automovilista que pasaba por el lugar del accidente, y se percat\u00f3 que hab\u00eda dos [&hellip;]<\/p>\n","protected":false},"author":93,"featured_media":195098,"comment_status":"closed","ping_status":"closed","sticky":false,"template":"","format":"standard","meta":{"footnotes":""},"categories":[40],"tags":[],"class_list":["post-195097","post","type-post","status-publish","format-standard","has-post-thumbnail","hentry","category-region"],"_links":{"self":[{"href":"https:\/\/plazajuarez.mx\/historico\/wp-json\/wp\/v2\/posts\/195097","targetHints":{"allow":["GET"]}}],"collection":[{"href":"https:\/\/plazajuarez.mx\/historico\/wp-json\/wp\/v2\/posts"}],"about":[{"href":"https:\/\/plazajuarez.mx\/historico\/wp-json\/wp\/v2\/types\/post"}],"author":[{"embeddable":true,"href":"https:\/\/plazajuarez.mx\/historico\/wp-json\/wp\/v2\/users\/93"}],"replies":[{"embeddable":true,"href":"https:\/\/plazajuarez.mx\/historico\/wp-json\/wp\/v2\/comments?post=195097"}],"version-history":[{"count":0,"href":"https:\/\/plazajuarez.mx\/historico\/wp-json\/wp\/v2\/posts\/195097\/revisions"}],"wp:featuredmedia":[{"embeddable":true,"href":"https:\/\/plazajuarez.mx\/historico\/wp-json\/wp\/v2\/media\/195098"}],"wp:attachment":[{"href":"https:\/\/plazajuarez.mx\/historico\/wp-json\/wp\/v2\/media?parent=195097"}],"wp:term":[{"taxonomy":"category","embeddable":true,"href":"https:\/\/plazajuarez.mx\/historico\/wp-json\/wp\/v2\/categories?post=195097"},{"taxonomy":"post_tag","embeddable":true,"href":"https:\/\/plazajuarez.mx\/historico\/wp-json\/wp\/v2\/tags?post=195097"}],"curies":[{"name":"wp","href":"https:\/\/api.w.org\/{rel}","templated":true}]}}