{"id":195091,"date":"2021-12-13T08:33:41","date_gmt":"2021-12-13T14:33:41","guid":{"rendered":"https:\/\/plazajuarez.mx\/?p=195091"},"modified":"2021-12-13T08:33:49","modified_gmt":"2021-12-13T14:33:49","slug":"inauguro-alcalde-ampliacion-de-red-electrica","status":"publish","type":"post","link":"https:\/\/plazajuarez.mx\/historico\/inauguro-alcalde-ampliacion-de-red-electrica\/","title":{"rendered":"Inaugur\u00f3 alcalde ampliaci\u00f3n de red el\u00e9ctrica"},"content":{"rendered":"\n<p>SANTIAGO TULANTEPEC.- Con el objetivo de incrementar la infraestructura de la regi\u00f3n, adem\u00e1s de continuar con las acciones para mejorar y ampliar los servicios para los santiaguenses, la administraci\u00f3n municipal de Santiago Tulantepec encabezada por el presidente Dante C\u00e1rdenas Flores, entreg\u00f3 ampliaciones de la red el\u00e9ctrica en la regi\u00f3n.\u00a0\u00a0<\/p>\n\n\n\n<p>Dichas obras se realizaron en la colonia Paxtepec en las calles Espa\u00f1a, Alemania,&nbsp; Uruguay y Quintana Roo; adem\u00e1s en las calles Jaspe y Basalto en la colonia La Explanada.<\/p>\n\n\n\n<p>En total, estas ampliaciones benefician a mil 416 habitantes de forma directa y representan una inyecci\u00f3n de capital al municipio de 887 mil 190.01 aproximadamente; estas acciones forman parte de la matriz de obras 2020 sin embargo, fue en esta administraci\u00f3n que a trav\u00e9s de la gesti\u00f3n de Obras P\u00fablicas fueron culminadas.<\/p>\n","protected":false},"excerpt":{"rendered":"<p>SANTIAGO TULANTEPEC.- Con el objetivo de incrementar la infraestructura de la regi\u00f3n, adem\u00e1s de continuar con las acciones para mejorar y ampliar los servicios para los santiaguenses, la administraci\u00f3n municipal de Santiago Tulantepec encabezada por el presidente Dante C\u00e1rdenas Flores, entreg\u00f3 ampliaciones de la red el\u00e9ctrica en la regi\u00f3n.\u00a0\u00a0 Dichas obras se realizaron en la [&hellip;]<\/p>\n","protected":false},"author":70,"featured_media":195093,"comment_status":"closed","ping_status":"closed","sticky":false,"template":"","format":"standard","meta":{"footnotes":""},"categories":[40],"tags":[],"class_list":["post-195091","post","type-post","status-publish","format-standard","has-post-thumbnail","hentry","category-region"],"_links":{"self":[{"href":"https:\/\/plazajuarez.mx\/historico\/wp-json\/wp\/v2\/posts\/195091","targetHints":{"allow":["GET"]}}],"collection":[{"href":"https:\/\/plazajuarez.mx\/historico\/wp-json\/wp\/v2\/posts"}],"about":[{"href":"https:\/\/plazajuarez.mx\/historico\/wp-json\/wp\/v2\/types\/post"}],"author":[{"embeddable":true,"href":"https:\/\/plazajuarez.mx\/historico\/wp-json\/wp\/v2\/users\/70"}],"replies":[{"embeddable":true,"href":"https:\/\/plazajuarez.mx\/historico\/wp-json\/wp\/v2\/comments?post=195091"}],"version-history":[{"count":0,"href":"https:\/\/plazajuarez.mx\/historico\/wp-json\/wp\/v2\/posts\/195091\/revisions"}],"wp:featuredmedia":[{"embeddable":true,"href":"https:\/\/plazajuarez.mx\/historico\/wp-json\/wp\/v2\/media\/195093"}],"wp:attachment":[{"href":"https:\/\/plazajuarez.mx\/historico\/wp-json\/wp\/v2\/media?parent=195091"}],"wp:term":[{"taxonomy":"category","embeddable":true,"href":"https:\/\/plazajuarez.mx\/historico\/wp-json\/wp\/v2\/categories?post=195091"},{"taxonomy":"post_tag","embeddable":true,"href":"https:\/\/plazajuarez.mx\/historico\/wp-json\/wp\/v2\/tags?post=195091"}],"curies":[{"name":"wp","href":"https:\/\/api.w.org\/{rel}","templated":true}]}}