{"id":195081,"date":"2021-12-13T08:23:41","date_gmt":"2021-12-13T14:23:41","guid":{"rendered":"https:\/\/plazajuarez.mx\/?p=195081"},"modified":"2021-12-13T08:23:49","modified_gmt":"2021-12-13T14:23:49","slug":"considera-cuauhtemoc-ochoa-ser-carta-fuerte-de-morena-para-2022","status":"publish","type":"post","link":"https:\/\/plazajuarez.mx\/historico\/considera-cuauhtemoc-ochoa-ser-carta-fuerte-de-morena-para-2022\/","title":{"rendered":"Considera Cuauht\u00e9moc Ochoa ser \u201ccarta fuerte de Morena para 2022\u201d"},"content":{"rendered":"\n<p>El trabajo realizado en Hidalgo, codo a codo con las familias hidalguenses, le ha permitido al diputado federal de Morena, Cuauht\u00e9moc Ochoa, \u201cser considerado como una de las cartas fuertes rumbo a la renovaci\u00f3n de la gubernatura en 2022\u201d.<\/p>\n\n\n\n<p>Adelant\u00f3 que junto con el Presidente de M\u00e9xico, Andr\u00e9s Manuel L\u00f3pez Obrador la Cuarta Transformaci\u00f3n ser\u00e1 una realidad en Hidalgo, \u201ccon el ejemplo de dedicaci\u00f3n y de trabajo de nuestro Presidente, estoy convencido que tengo que regresar al estado lo que me ha dado\u201d, expres\u00f3 el diputado federal.<\/p>\n\n\n\n<p>Agreg\u00f3 que ser\u00e1 respetuoso de la decisi\u00f3n y tiempos que marquen los lineamientos de Morena para definir a la mujer u hombre que encabece la candidatura a gobernador, \u201cno estoy en un proyecto personal sino en el proyecto de Hidalgo, de la 4T, y en ese sentido, estoy seguro que vamos a ganar\u201d, asegur\u00f3 Cuauht\u00e9moc Ochoa.&nbsp;<\/p>\n\n\n\n<p>Por ello, expres\u00f3 que ha emprendido una intensa gira de difusi\u00f3n sobre los beneficios de la Reforma El\u00e9ctrica, propuesta por el Presidente de M\u00e9xico.<\/p>\n","protected":false},"excerpt":{"rendered":"<p>El trabajo realizado en Hidalgo, codo a codo con las familias hidalguenses, le ha permitido al diputado federal de Morena, Cuauht\u00e9moc Ochoa, \u201cser considerado como una de las cartas fuertes rumbo a la renovaci\u00f3n de la gubernatura en 2022\u201d. Adelant\u00f3 que junto con el Presidente de M\u00e9xico, Andr\u00e9s Manuel L\u00f3pez Obrador la Cuarta Transformaci\u00f3n ser\u00e1 [&hellip;]<\/p>\n","protected":false},"author":93,"featured_media":195080,"comment_status":"closed","ping_status":"closed","sticky":false,"template":"","format":"standard","meta":{"footnotes":""},"categories":[59,2159],"tags":[],"class_list":["post-195081","post","type-post","status-publish","format-standard","has-post-thumbnail","hentry","category-general","category-noticias-de-hidalgo"],"_links":{"self":[{"href":"https:\/\/plazajuarez.mx\/historico\/wp-json\/wp\/v2\/posts\/195081","targetHints":{"allow":["GET"]}}],"collection":[{"href":"https:\/\/plazajuarez.mx\/historico\/wp-json\/wp\/v2\/posts"}],"about":[{"href":"https:\/\/plazajuarez.mx\/historico\/wp-json\/wp\/v2\/types\/post"}],"author":[{"embeddable":true,"href":"https:\/\/plazajuarez.mx\/historico\/wp-json\/wp\/v2\/users\/93"}],"replies":[{"embeddable":true,"href":"https:\/\/plazajuarez.mx\/historico\/wp-json\/wp\/v2\/comments?post=195081"}],"version-history":[{"count":0,"href":"https:\/\/plazajuarez.mx\/historico\/wp-json\/wp\/v2\/posts\/195081\/revisions"}],"wp:featuredmedia":[{"embeddable":true,"href":"https:\/\/plazajuarez.mx\/historico\/wp-json\/wp\/v2\/media\/195080"}],"wp:attachment":[{"href":"https:\/\/plazajuarez.mx\/historico\/wp-json\/wp\/v2\/media?parent=195081"}],"wp:term":[{"taxonomy":"category","embeddable":true,"href":"https:\/\/plazajuarez.mx\/historico\/wp-json\/wp\/v2\/categories?post=195081"},{"taxonomy":"post_tag","embeddable":true,"href":"https:\/\/plazajuarez.mx\/historico\/wp-json\/wp\/v2\/tags?post=195081"}],"curies":[{"name":"wp","href":"https:\/\/api.w.org\/{rel}","templated":true}]}}