{"id":195069,"date":"2021-12-13T08:10:41","date_gmt":"2021-12-13T14:10:41","guid":{"rendered":"https:\/\/plazajuarez.mx\/?p=195069"},"modified":"2021-12-13T08:10:52","modified_gmt":"2021-12-13T14:10:52","slug":"retratos-hablados-1120","status":"publish","type":"post","link":"https:\/\/plazajuarez.mx\/historico\/retratos-hablados-1120\/","title":{"rendered":"RETRATOS HABLADOS"},"content":{"rendered":"\n<p><\/p>\n\n\n\n<h2 class=\"wp-block-heading\"><strong>\u00bfViggiano-F\u00e9lix, qui\u00e9n declinar\u00e1 a favor del otro?<\/strong><\/h2>\n\n\n\n<p><\/p>\n\n\n\n<p>Casi a la mitad del \u00faltimo mes del a\u00f1o, el Revolucionario Institucional logr\u00f3 llevar el proceso de negociaci\u00f3n entre sus dos m\u00e1s fuertes aspirantes a la candidatura para el gobierno de Hidalgo a una fotograf\u00eda. Fotograf\u00eda que se ha convertido en una muestra de que la unidad del partido pol\u00edtico de donde han surgido todos los gobiernos constitucionales en la entidad, es posible a\u00fan cuando la pugna <strong>Viggiano-F\u00e9lix<\/strong> parec\u00eda haber llegado a un nivel imposible de conciliaci\u00f3n.<\/p>\n\n\n\n<p>La gr\u00e1fica fue ampliamente difundida por los propios aspirantes, pero todav\u00eda sin que se sepa cu\u00e1l de los dos ser\u00e1 quien decline a favor del otro, en momentos que est\u00e1 por decidirse el abanderado que llevar\u00e1 Morena para los comicios del a\u00f1o pr\u00f3ximo.<\/p>\n\n\n\n<p>A partir de estos momentos cualquier gesto, semblante risue\u00f1o, empiezan a ser interpretados para encontrar el menor indicio que permita saber qui\u00e9n va, y qui\u00e9n no va a la elecci\u00f3n m\u00e1s importante en Hidalgo.<\/p>\n\n\n\n<p>Al mismo tiempo es importante destacar la declaraci\u00f3n del gobernador, <strong>Omar Fayad<\/strong>, quien aclar\u00f3 que de ning\u00fan modo pretende entregar la plaza pol\u00edtica que representa el Estado de Hidalgo a Morena, \u201ctodo se lo debo a mi partido, y voy a votar por el PRI\u201d, sostuvo.<\/p>\n\n\n\n<p>Porque la versi\u00f3n que hablaba de un supuesto acuerdo con el gobierno federal para que un morenista le sucediera en el cargo, hab\u00eda cobrado tal fuerza que se daba por hecho que as\u00ed suceder\u00eda. Tuvo que ser el propio mandatario hidalguense quien saliera al paso de estas versiones, al tiempo que se daba la fotograf\u00eda en que <strong>Carolina Viggiano e Israel F\u00e9lix<\/strong>, sellaban un acto de respeto y unidad.<\/p>\n\n\n\n<p>Morena contar\u00e1 con candidato el d\u00eda 23 del presente mes, y mientras con los pri\u00edstas finalmente el sentido com\u00fan les hizo ver que confrontados estaban condenados a perder, todav\u00eda en estos momentos sigue la lucha interna entre morenistas. Para estos momentos es evidente que la candidatura saldr\u00e1 de entre el senador <strong>Julio Menchaca<\/strong> y el delegado del Bienestar, <strong>Abraham Mendoza Zenteno.<\/strong><\/p>\n\n\n\n<p>El cierre de a\u00f1o se muestra interesante en lo pol\u00edtico, porque es la primera vez que el tricolor observa con sentido realista la posibilidad de perder la gubernatura, situaci\u00f3n que los ha llevado a una reconciliaci\u00f3n entre los dos finalistas que buscan la nominaci\u00f3n.<\/p>\n\n\n\n<p>Veremos si lo hicieron a tiempo, y si Viggiano o F\u00e9lix, qui\u00e9n declinar\u00e1 a favor del otro.<\/p>\n\n\n\n<p>&nbsp; Veremos.<\/p>\n\n\n\n<p><strong>Mil gracias, hasta ma\u00f1ana.<\/strong><\/p>\n\n\n\n<p><a href=\"mailto:jeperalta@plazajuarez.mx\/historico\/historico\">jeperalta@plazajuarez.mx\/historico\/historico<\/a><\/p>\n\n\n\n<p>@JavierEPeralta<\/p>\n","protected":false},"excerpt":{"rendered":"<p>\u00bfViggiano-F\u00e9lix, qui\u00e9n declinar\u00e1 a favor del otro? Casi a la mitad del \u00faltimo mes del a\u00f1o, el Revolucionario Institucional logr\u00f3 llevar el proceso de negociaci\u00f3n entre sus dos m\u00e1s fuertes aspirantes a la candidatura para el gobierno de Hidalgo a una fotograf\u00eda. Fotograf\u00eda que se ha convertido en una muestra de que la unidad del [&hellip;]<\/p>\n","protected":false},"author":10,"featured_media":0,"comment_status":"closed","ping_status":"closed","sticky":false,"template":"","format":"standard","meta":{"footnotes":""},"categories":[49,42],"tags":[],"class_list":["post-195069","post","type-post","status-publish","format-standard","hentry","category-javier-peralta","category-nuestrapalabra"],"_links":{"self":[{"href":"https:\/\/plazajuarez.mx\/historico\/wp-json\/wp\/v2\/posts\/195069","targetHints":{"allow":["GET"]}}],"collection":[{"href":"https:\/\/plazajuarez.mx\/historico\/wp-json\/wp\/v2\/posts"}],"about":[{"href":"https:\/\/plazajuarez.mx\/historico\/wp-json\/wp\/v2\/types\/post"}],"author":[{"embeddable":true,"href":"https:\/\/plazajuarez.mx\/historico\/wp-json\/wp\/v2\/users\/10"}],"replies":[{"embeddable":true,"href":"https:\/\/plazajuarez.mx\/historico\/wp-json\/wp\/v2\/comments?post=195069"}],"version-history":[{"count":0,"href":"https:\/\/plazajuarez.mx\/historico\/wp-json\/wp\/v2\/posts\/195069\/revisions"}],"wp:attachment":[{"href":"https:\/\/plazajuarez.mx\/historico\/wp-json\/wp\/v2\/media?parent=195069"}],"wp:term":[{"taxonomy":"category","embeddable":true,"href":"https:\/\/plazajuarez.mx\/historico\/wp-json\/wp\/v2\/categories?post=195069"},{"taxonomy":"post_tag","embeddable":true,"href":"https:\/\/plazajuarez.mx\/historico\/wp-json\/wp\/v2\/tags?post=195069"}],"curies":[{"name":"wp","href":"https:\/\/api.w.org\/{rel}","templated":true}]}}