{"id":195066,"date":"2021-12-13T08:08:05","date_gmt":"2021-12-13T14:08:05","guid":{"rendered":"https:\/\/plazajuarez.mx\/?p=195066"},"modified":"2021-12-13T08:08:18","modified_gmt":"2021-12-13T14:08:18","slug":"alfil-negro-2217","status":"publish","type":"post","link":"https:\/\/plazajuarez.mx\/historico\/alfil-negro-2217\/","title":{"rendered":"ALFIL NEGRO"},"content":{"rendered":"\n<p><\/p>\n\n\n\n<h2 class=\"wp-block-heading\"><strong>LA GUADALUPANA<\/strong><\/h2>\n\n\n\n<p><\/p>\n\n\n\n<p>Ayer fue 12 de diciembre, d\u00eda de la Virgen de Guadalupe, sin duda la gran fiesta de M\u00e9xico, porque en ella se ponen de manifiesto la fe y la esperanza de millones de creyentes que ven y sienten a La Guadalupana como un refugio y una respuesta a los problemas que se presentan en la vida.<\/p>\n\n\n\n<p>Siendo como es un acto de fe, de creer, no hay otra instancia que se le pueda comparar en fuerza y presencia entre la gente.<\/p>\n\n\n\n<p>Ni los l\u00edderes pol\u00edticos, por muy populares que sean, o poderosos que se sientan pueden competir con La Guadalupana, ni los organismos humanos o la ciencia, porque es una decisi\u00f3n interna de cada guadalupano poner en las manos de este Virgen todo lo que lastima y duele, las ausencias que dejan vac\u00edos que nadie puede llenar y las penas que s\u00f3lo una madre entiende&nbsp; y comprende.<\/p>\n\n\n\n<p>No, esto no es pol\u00edtica ni cosas de partidos, ni de hombres de poder o l\u00edderes sociales, porque todos ellos al final se miden con el metro de lo humano, de lo pasajero y de lo finito, que al final son recuerdo y memoria buena o mala seg\u00fan sus acciones.<\/p>\n\n\n\n<p>Y La Guadalupana est\u00e1 por encima de todos ellos, porque es una presencia eterna en su tiempo, poderosa porque en la fe cristiana es la madre de Dios y porque ella, la virgen poderosa quiso quedarse en este pa\u00eds de cactus y de rosas para ser la madre de los mexicanos.<\/p>\n\n\n\n<p>Por todo esto y por las circunstancias que vivimos de pandemia y de pelea social, de muertes y de ausencias, de violencia y de divisi\u00f3n nunca como ahora a este pa\u00eds nuestro le hace falta una madre que lo cuide y lo bendiga.<\/p>\n\n\n\n<p>Desde luego es asunto de fe y de religiosidad, pero un pa\u00eds sin fe ni sentido de lo eterno la tiene dif\u00edcil.<\/p>\n\n\n\n<p>El 12 de diciembre, el D\u00eda de La Guadalupana es el gran d\u00eda de los mexicanos, por lo menos para los guadalupanos, porque tiene mucho de raz\u00f3n lo que se dice: se podr\u00e1 no ser cat\u00f3licos, pero la gran mayor\u00eda son Guadalupanos.<\/p>\n\n\n\n<p><strong>Felicidades a todas las Lupitas.<\/strong><\/p>\n","protected":false},"excerpt":{"rendered":"<p>LA GUADALUPANA Ayer fue 12 de diciembre, d\u00eda de la Virgen de Guadalupe, sin duda la gran fiesta de M\u00e9xico, porque en ella se ponen de manifiesto la fe y la esperanza de millones de creyentes que ven y sienten a La Guadalupana como un refugio y una respuesta a los problemas que se presentan [&hellip;]<\/p>\n","protected":false},"author":83,"featured_media":0,"comment_status":"closed","ping_status":"closed","sticky":false,"template":"","format":"standard","meta":{"footnotes":""},"categories":[48,42],"tags":[],"class_list":["post-195066","post","type-post","status-publish","format-standard","hentry","category-adalberto-peralta","category-nuestrapalabra"],"_links":{"self":[{"href":"https:\/\/plazajuarez.mx\/historico\/wp-json\/wp\/v2\/posts\/195066","targetHints":{"allow":["GET"]}}],"collection":[{"href":"https:\/\/plazajuarez.mx\/historico\/wp-json\/wp\/v2\/posts"}],"about":[{"href":"https:\/\/plazajuarez.mx\/historico\/wp-json\/wp\/v2\/types\/post"}],"author":[{"embeddable":true,"href":"https:\/\/plazajuarez.mx\/historico\/wp-json\/wp\/v2\/users\/83"}],"replies":[{"embeddable":true,"href":"https:\/\/plazajuarez.mx\/historico\/wp-json\/wp\/v2\/comments?post=195066"}],"version-history":[{"count":0,"href":"https:\/\/plazajuarez.mx\/historico\/wp-json\/wp\/v2\/posts\/195066\/revisions"}],"wp:attachment":[{"href":"https:\/\/plazajuarez.mx\/historico\/wp-json\/wp\/v2\/media?parent=195066"}],"wp:term":[{"taxonomy":"category","embeddable":true,"href":"https:\/\/plazajuarez.mx\/historico\/wp-json\/wp\/v2\/categories?post=195066"},{"taxonomy":"post_tag","embeddable":true,"href":"https:\/\/plazajuarez.mx\/historico\/wp-json\/wp\/v2\/tags?post=195066"}],"curies":[{"name":"wp","href":"https:\/\/api.w.org\/{rel}","templated":true}]}}