{"id":19453,"date":"2016-04-06T13:58:02","date_gmt":"2016-04-06T13:58:02","guid":{"rendered":"http:\/\/plazajuarez.mx\/index\/index.php\/2016\/04\/06\/depurara-el-pan-su-padron-de-militantes\/"},"modified":"2016-04-06T13:58:02","modified_gmt":"2016-04-06T13:58:02","slug":"depurara-el-pan-su-padron-de-militantes","status":"publish","type":"post","link":"https:\/\/plazajuarez.mx\/historico\/depurara-el-pan-su-padron-de-militantes\/","title":{"rendered":"Depurar\u00e1 el PAN su padr\u00f3n de militantes"},"content":{"rendered":"<p><strong>Anaya presentar\u00e1 al Congreso Nacional la propuesta<\/strong><\/p>\n<p>  <!--more-->  <\/p>\n<p>\u00a0<\/p>\n<p>El dirigente del PAN, Ricardo Anaya, inform\u00f3 que el pr\u00f3ximo 16 de abril se presentar\u00e1 ante el Consejo Nacional una propuesta integral para depurar el padr\u00f3n de militantes del partido.<\/p>\n<p>En un comunicado destac\u00f3 que este proyecto es el resultado de meses de trabajo del senador Ernesto Ruffo, coordinador de la Comisi\u00f3n para la Transparencia y Reingenier\u00eda del Padr\u00f3n de Militantes del partido, y Eduardo Urbina, director del Registro Nacional de Militantes.<\/p>\n<p>Con esta propuesta, Anaya dijo que se cumple uno de sus compromisos de campa\u00f1a para alcanzar la dirigencia nacional. \u201cAl tener un padr\u00f3n confiable podremos tener tambi\u00e9n procesos internos m\u00e1s certeros, menos cuestionados y m\u00e1s democr\u00e1ticos\u201d, a\u00f1adi\u00f3.<\/p>\n<p>En la actualidad Acci\u00f3n Nacional tiene alrededor de 480 mil militantes. El proceso de depuraci\u00f3n del padr\u00f3n se llevar\u00e1 a cabo de manera individualizada, estado por estado, iniciando en Guanajuato durante las pr\u00f3ximas semanas.<\/p>\n<p>\u201cLo hemos dicho muy claro y ahora lo repito: tener un padr\u00f3n cien por ciento confiable, certero y actualizado es imprescindible para nuestra vida democr\u00e1tica. Para lograrlo utilizaremos las nuevas tecnolog\u00edas y contaremos con la colaboraci\u00f3n del Instituto Nacional Electoral\u201d.<\/p>\n","protected":false},"excerpt":{"rendered":"<p>Anaya presentar\u00e1 al Congreso Nacional la propuesta<\/p>\n","protected":false},"author":93,"featured_media":0,"comment_status":"open","ping_status":"open","sticky":false,"template":"","format":"standard","meta":{"footnotes":""},"categories":[36],"tags":[],"class_list":["post-19453","post","type-post","status-publish","format-standard","hentry","category-nacion"],"_links":{"self":[{"href":"https:\/\/plazajuarez.mx\/historico\/wp-json\/wp\/v2\/posts\/19453","targetHints":{"allow":["GET"]}}],"collection":[{"href":"https:\/\/plazajuarez.mx\/historico\/wp-json\/wp\/v2\/posts"}],"about":[{"href":"https:\/\/plazajuarez.mx\/historico\/wp-json\/wp\/v2\/types\/post"}],"author":[{"embeddable":true,"href":"https:\/\/plazajuarez.mx\/historico\/wp-json\/wp\/v2\/users\/93"}],"replies":[{"embeddable":true,"href":"https:\/\/plazajuarez.mx\/historico\/wp-json\/wp\/v2\/comments?post=19453"}],"version-history":[{"count":0,"href":"https:\/\/plazajuarez.mx\/historico\/wp-json\/wp\/v2\/posts\/19453\/revisions"}],"wp:attachment":[{"href":"https:\/\/plazajuarez.mx\/historico\/wp-json\/wp\/v2\/media?parent=19453"}],"wp:term":[{"taxonomy":"category","embeddable":true,"href":"https:\/\/plazajuarez.mx\/historico\/wp-json\/wp\/v2\/categories?post=19453"},{"taxonomy":"post_tag","embeddable":true,"href":"https:\/\/plazajuarez.mx\/historico\/wp-json\/wp\/v2\/tags?post=19453"}],"curies":[{"name":"wp","href":"https:\/\/api.w.org\/{rel}","templated":true}]}}