{"id":19452,"date":"2016-04-06T13:57:43","date_gmt":"2016-04-06T13:57:43","guid":{"rendered":"http:\/\/plazajuarez.mx\/index\/index.php\/2016\/04\/06\/politicos-roban-mas-que-el-chapo-amlo\/"},"modified":"2016-04-06T13:57:43","modified_gmt":"2016-04-06T13:57:43","slug":"politicos-roban-mas-que-el-chapo-amlo","status":"publish","type":"post","link":"https:\/\/plazajuarez.mx\/historico\/politicos-roban-mas-que-el-chapo-amlo\/","title":{"rendered":"\u201cPol\u00edticos roban m\u00e1s que El Chapo\u201d: AMLO"},"content":{"rendered":"<p><strong>\u201cRoban 500 mil millones de pesos al a\u00f1o\u201d<\/strong><\/p>\n<ul>\n<li><strong><strong>Dice que el titular de la SEP le da flojera<\/strong><\/strong> <!--more--> <\/li>\n<\/ul>\n<p>En la plaza principal del municipio pi\u00f1ero de Loma Bonita, el presidente nacional de Movimiento Regeneraci\u00f3n Nacional (Morena), Andr\u00e9s Manuel L\u00f3pez Obrador, destac\u00f3 que son 100 los pol\u00edticos corruptos en el pa\u00eds, quienes trafican con influencias, secuestran al gobierno y los que mandan.<\/p>\n<p>Dijo que se quiere extraditar a Joaqu\u00edn &#8220;El Chapo&#8221; Guzm\u00e1n Loera a EU bajo el argumento de que introdujo por mes, cinco toneladas de coca\u00edna a ese pa\u00eds con un valor de 12 mil millones de pesos, es decir al a\u00f1o unos 150 mil millones de pesos.<\/p>\n<p>Sin embargo, precis\u00f3 que funcionarios del gobierno federal se roban 500 mil millones de pesos, tres veces m\u00e1s que el narcotraficante, y nadie los detiene.<\/p>\n<p>&#8220;No es que defienda al Chapo, pero tambi\u00e9n hay ladrones pol\u00edticos y corruptos&#8221;, expres\u00f3.<\/p>\n<p>El tabasque\u00f1o dio un discurso de casi 40 minutos, ante unas 500 personas, donde calific\u00f3 de &#8220;masoquistas&#8221; y que &#8220;les gusta la mala vida&#8221; a aquellos que votar\u00e1n por el PRI y PAN en las elecciones del 5 de junio.<\/p>\n<p>En un mitin como parte de la campa\u00f1a del candidato de Morena, Salom\u00f3n Jara Cruz al gobierno de Oaxaca, el l\u00edder partidista dijo que la \u00fanica diferencia entre el candidato del PRI, Alejandro Murat y el del PRD-PAN, Jos\u00e9 Antonio Estefan Garfias, es que el primero es &#8220;un ratero&#8221; y el segundo &#8220;un ladr\u00f3n&#8221;.<\/p>\n<p>&#8220;Con todo respeto, a estas alturas, quien vote por el PRI y quien vote por el PAN es porque de plano les gusta la mala vida. Tambi\u00e9n del PRD, pero esos est\u00e1n nada m\u00e1s como alcahuetes&#8221;, se\u00f1al\u00f3.<\/p>\n<p>&#8220;Aurelio Nu\u00f1o me da flojera&#8221;:- Tras los se\u00f1alamientos de Aurelio Nu\u00f1o, secretario de Educaci\u00f3n, sobre qu\u00e9 es una burla el acuerdo pactado por Morena con el magisterio de Oaxaca, el l\u00edder de este partido, L\u00f3pez Obrador, se limit\u00f3 a responder: &#8220;Nu\u00f1o me da flojera, cada vez que hay un esc\u00e1ndalo de corrupci\u00f3n que involucra a Enrique Pe\u00f1a Nieto y a Carlos Salinas, mandan a Nu\u00f1o a atacarnos, pero como le voy a hacer caso a Nu\u00f1o si el problema principal es la mafia del poder&#8221;, sostuvo.<\/p>\n<p>Aclar\u00f3 que no firm\u00f3 ning\u00fan acuerdo con la CNTE en Oaxaca, sino que fue a t\u00edtulo personal con los maestros para, de ganar la elecci\u00f3n a gobernador de la entidad, echar abajo la reforma educativa.<\/p>\n","protected":false},"excerpt":{"rendered":"<p>\u201cRoban 500 mil millones de pesos al a\u00f1o\u201d Dice que el titular de la SEP le da flojera<\/p>\n","protected":false},"author":93,"featured_media":0,"comment_status":"open","ping_status":"open","sticky":false,"template":"","format":"standard","meta":{"footnotes":""},"categories":[36],"tags":[],"class_list":["post-19452","post","type-post","status-publish","format-standard","hentry","category-nacion"],"_links":{"self":[{"href":"https:\/\/plazajuarez.mx\/historico\/wp-json\/wp\/v2\/posts\/19452","targetHints":{"allow":["GET"]}}],"collection":[{"href":"https:\/\/plazajuarez.mx\/historico\/wp-json\/wp\/v2\/posts"}],"about":[{"href":"https:\/\/plazajuarez.mx\/historico\/wp-json\/wp\/v2\/types\/post"}],"author":[{"embeddable":true,"href":"https:\/\/plazajuarez.mx\/historico\/wp-json\/wp\/v2\/users\/93"}],"replies":[{"embeddable":true,"href":"https:\/\/plazajuarez.mx\/historico\/wp-json\/wp\/v2\/comments?post=19452"}],"version-history":[{"count":0,"href":"https:\/\/plazajuarez.mx\/historico\/wp-json\/wp\/v2\/posts\/19452\/revisions"}],"wp:attachment":[{"href":"https:\/\/plazajuarez.mx\/historico\/wp-json\/wp\/v2\/media?parent=19452"}],"wp:term":[{"taxonomy":"category","embeddable":true,"href":"https:\/\/plazajuarez.mx\/historico\/wp-json\/wp\/v2\/categories?post=19452"},{"taxonomy":"post_tag","embeddable":true,"href":"https:\/\/plazajuarez.mx\/historico\/wp-json\/wp\/v2\/tags?post=19452"}],"curies":[{"name":"wp","href":"https:\/\/api.w.org\/{rel}","templated":true}]}}