{"id":19450,"date":"2016-04-06T13:56:33","date_gmt":"2016-04-06T13:56:33","guid":{"rendered":"http:\/\/plazajuarez.mx\/index\/index.php\/2016\/04\/06\/bayern-gana-por-la-minima\/"},"modified":"2016-04-06T13:56:33","modified_gmt":"2016-04-06T13:56:33","slug":"bayern-gana-por-la-minima","status":"publish","type":"post","link":"https:\/\/plazajuarez.mx\/historico\/bayern-gana-por-la-minima\/","title":{"rendered":"BAYERN GANA POR LA M\u00cdNIMA"},"content":{"rendered":"<ul>\n<li>RA\u00daL JIM\u00c9NEZ INGRES\u00d3 en la parte complementaria pero poco pudo hacer. El gol del Bayern fue por obra de Arturo Vidal <\/li>\n<\/ul>\n<p>\u201cMARCADOR FINAL\u201d<\/p>\n<p>BAYERN MUNICH 1-0 BENFICA<\/p>\n<p>  <!--more-->  <\/p>\n<p>\u00a0<\/p>\n<p>El Bayern M\u00fanich derrot\u00f3 por 1-0, con un gol del chileno Arturo Vidal, a un disciplinado Benfica que logr\u00f3 recuperarse de un tanto tempranero e incluso puso en aprietos al equipo de Pep Guardiola.<\/p>\n<p>Fue hasta el minuto 70 que el delantero mexicano Ra\u00fal Alonso Jim\u00e9nez dej\u00f3 el banco de suplentes para ingresar al campo de juego en sustituci\u00f3n del griego Kostas Mitroglou, pero poco pudo hacer para revertir el marcador en contra de su equipo, el Benfica.<\/p>\n<p>El partido empez\u00f3 con un ba\u00f1o de agua fr\u00eda para el Benfica cuando, en el minuto 2 y en la primera llegada a puerta del encuentro, Vidal abri\u00f3 el marcador para el Bayern con un remate de cabeza a centro del espa\u00f1ol Juan Bernat desde la banda izquierda.<\/p>\n<p> La jugada del gol se origin\u00f3 en un cambio de frente de Douglas Costa desde la derecha para Franck Ribery, sigui\u00f3 con una triangulaci\u00f3n entre el franc\u00e9s, Robert Lewandowski y Bernat, y culmin\u00f3 con el centro de \u00e9ste a la cabeza de Vidal. Un duro golpe para el Benfica.<\/p>\n<p> Tras el gol, hubo unos 20 minutos de control casi absoluto del Bayern, que pudo sentenciar el duelo en el minuto 21 con un remate a quemarropa de Thomas M\u00fcller ante el que el meta Ederson tuvo una gran reacci\u00f3n.<\/p>\n<p> La parada de Ederson pareci\u00f3 devolverle la confianza al Benfica, que volvi\u00f3 a tratar de presionar al Bayern en su propia mitad y gener\u00f3 algunas aproximaciones al \u00e1rea rival, aunque la \u00fanica ocasi\u00f3n clara en el primer tiempo fue un remate del argentino Nico Gait\u00e1n en el minuto 45 que fue bloqueado por Vidal.<\/p>\n<p> La ocasi\u00f3n de Gait\u00e1n fue el aviso de otras del Benfica que se produjeron en la segunda parte. La m\u00e1s clara, en el minuto 57, un remate de Jonas que desbarat\u00f3 Manuer Neuer con una gran parada.<\/p>\n<p> En el minuto 66, Jonas volvi\u00f3 a estar cerca del gol, pero remat\u00f3 desviado desde muy buena posici\u00f3n.<\/p>\n<p> Sin embargo, pese a esas dos ocasiones, la prioridad del Benfica fue no encajar el segundo tanto y lo logr\u00f3 gracias a un buen trabajo defensivo que s\u00f3lo flaque\u00f3 al final.<\/p>\n<p> El Bayern tambi\u00e9n tuvo algunas ocasiones para marcar el segundo, la mejor de Robert Lewandowski en el minuto 89, pero en lugar de rematar a puerta, busc\u00f3, ante la salida de Ederson, a Philipp Lahm y su pase fue impreciso.<\/p>\n","protected":false},"excerpt":{"rendered":"<p>RA\u00daL JIM\u00c9NEZ INGRES\u00d3 en la parte complementaria pero poco pudo hacer. El gol del Bayern fue por obra de Arturo Vidal \u201cMARCADOR FINAL\u201d BAYERN MUNICH 1-0 BENFICA<\/p>\n","protected":false},"author":93,"featured_media":0,"comment_status":"open","ping_status":"open","sticky":false,"template":"","format":"standard","meta":{"footnotes":""},"categories":[39],"tags":[],"class_list":["post-19450","post","type-post","status-publish","format-standard","hentry","category-deportiva"],"_links":{"self":[{"href":"https:\/\/plazajuarez.mx\/historico\/wp-json\/wp\/v2\/posts\/19450","targetHints":{"allow":["GET"]}}],"collection":[{"href":"https:\/\/plazajuarez.mx\/historico\/wp-json\/wp\/v2\/posts"}],"about":[{"href":"https:\/\/plazajuarez.mx\/historico\/wp-json\/wp\/v2\/types\/post"}],"author":[{"embeddable":true,"href":"https:\/\/plazajuarez.mx\/historico\/wp-json\/wp\/v2\/users\/93"}],"replies":[{"embeddable":true,"href":"https:\/\/plazajuarez.mx\/historico\/wp-json\/wp\/v2\/comments?post=19450"}],"version-history":[{"count":0,"href":"https:\/\/plazajuarez.mx\/historico\/wp-json\/wp\/v2\/posts\/19450\/revisions"}],"wp:attachment":[{"href":"https:\/\/plazajuarez.mx\/historico\/wp-json\/wp\/v2\/media?parent=19450"}],"wp:term":[{"taxonomy":"category","embeddable":true,"href":"https:\/\/plazajuarez.mx\/historico\/wp-json\/wp\/v2\/categories?post=19450"},{"taxonomy":"post_tag","embeddable":true,"href":"https:\/\/plazajuarez.mx\/historico\/wp-json\/wp\/v2\/tags?post=19450"}],"curies":[{"name":"wp","href":"https:\/\/api.w.org\/{rel}","templated":true}]}}