{"id":19447,"date":"2016-04-06T13:55:28","date_gmt":"2016-04-06T13:55:28","guid":{"rendered":"http:\/\/plazajuarez.mx\/index\/index.php\/2016\/04\/06\/deporte-adaptado-realizara-estatal\/"},"modified":"2016-04-06T13:55:28","modified_gmt":"2016-04-06T13:55:28","slug":"deporte-adaptado-realizara-estatal","status":"publish","type":"post","link":"https:\/\/plazajuarez.mx\/historico\/deporte-adaptado-realizara-estatal\/","title":{"rendered":"DEPORTE ADAPTADO REALIZAR\u00c1 ESTATAL"},"content":{"rendered":"<ul>\n<li>El evento es coordinado por el \u00e1rea del deporte adaptado del Instituto Hidalguense del Deporte (INHIDE)<\/li>\n<\/ul>\n<p>DATO<\/p>\n<p>Participar\u00e1n 40 \u00a0talentosos atletas en las disciplinas de atletismo (pista y campo), nataci\u00f3n, tenis de mesa y danza deportiva<\/p>\n<p>  <!--more-->  <\/p>\n<p>\u00a0<\/p>\n<p>Con la ilusi\u00f3n de realizar una buena\u00a0 y soberbia actuaci\u00f3n, \u00e9ste pr\u00f3ximo fin de semana se llevar\u00e1 a cabo el primer Clasificatorio Estatal de Deporte Adaptado para Paralimpiada Nacional 2016, del Sistema Nacional de Competencias (SNC), el cual tiene por objetivo conformar la delegaci\u00f3n deportiva que representar\u00e1 a Hidalgo en esta justa.\u00a0 Asimismo, las competencias dar\u00e1n inicio a las 09:00 horas, los escenarios donde se desarrollar\u00e1n las actividades son pista de atletismo, alberca, sala de capacitaci\u00f3n y el \u00e1rea de tenis de mesa del\u00a0 Centro Estatal de Alto Rendimiento (CEAR), en la capital hidalguense. \u00a0<\/p>\n<p>\u00a0Del mismo modo,\u00a0 participar\u00e1n 40\u00a0 talentosos atletas en las disciplinas de atletismo (pista y campo), nataci\u00f3n, tenis de mesa y danza deportiva, en silla de ruedas y deportistas especiales.<\/p>\n<p>En tanto, los deportistas de atletismo y nataci\u00f3n en silla de ruedas presentar\u00e1n otro proceso clasificatorio, mientras que en las disciplinas de\u00a0 tenis de mesa y danza deportiva autom\u00e1ticamente clasifican a paralimpiada, misma situaci\u00f3n para los deportistas especiales, en lo que se pronostican unas competencias con carga de adrenalina.<\/p>\n<p>De igual manera, \u00a0el evento es coordinado por el \u00e1rea del deporte adaptado del Instituto Hidalguense del Deporte (INHIDE), adem\u00e1s se contar\u00e1 con la asistencia del director t\u00e9cnico de la Federaci\u00f3n Mexicana de Deportistas Especiales, Juan Navarrete, quien no se perder\u00e1 a detalle de este certamen de suma importancia.<\/p>\n<p>Finalmente, la Comisi\u00f3n Nacional de Cultura F\u00edsica y Deporte (CONADE) confirm\u00f3 a la paradisiaca zona de\u00a0 Acapulco, Guerrero, como sede de Paralimpiada Nacional, la cual se desarrollar\u00e1 la primera fase del ocho al 12 de junio y la segunda del 13 al 16. Sin duda alguna, se esperan grandes emociones en dicho certamen.<\/p>\n","protected":false},"excerpt":{"rendered":"<p>El evento es coordinado por el \u00e1rea del deporte adaptado del Instituto Hidalguense del Deporte (INHIDE) DATO Participar\u00e1n 40 \u00a0talentosos atletas en las disciplinas de atletismo (pista y campo), nataci\u00f3n, tenis de mesa y danza deportiva<\/p>\n","protected":false},"author":93,"featured_media":0,"comment_status":"open","ping_status":"open","sticky":false,"template":"","format":"standard","meta":{"footnotes":""},"categories":[39],"tags":[],"class_list":["post-19447","post","type-post","status-publish","format-standard","hentry","category-deportiva"],"_links":{"self":[{"href":"https:\/\/plazajuarez.mx\/historico\/wp-json\/wp\/v2\/posts\/19447","targetHints":{"allow":["GET"]}}],"collection":[{"href":"https:\/\/plazajuarez.mx\/historico\/wp-json\/wp\/v2\/posts"}],"about":[{"href":"https:\/\/plazajuarez.mx\/historico\/wp-json\/wp\/v2\/types\/post"}],"author":[{"embeddable":true,"href":"https:\/\/plazajuarez.mx\/historico\/wp-json\/wp\/v2\/users\/93"}],"replies":[{"embeddable":true,"href":"https:\/\/plazajuarez.mx\/historico\/wp-json\/wp\/v2\/comments?post=19447"}],"version-history":[{"count":0,"href":"https:\/\/plazajuarez.mx\/historico\/wp-json\/wp\/v2\/posts\/19447\/revisions"}],"wp:attachment":[{"href":"https:\/\/plazajuarez.mx\/historico\/wp-json\/wp\/v2\/media?parent=19447"}],"wp:term":[{"taxonomy":"category","embeddable":true,"href":"https:\/\/plazajuarez.mx\/historico\/wp-json\/wp\/v2\/categories?post=19447"},{"taxonomy":"post_tag","embeddable":true,"href":"https:\/\/plazajuarez.mx\/historico\/wp-json\/wp\/v2\/tags?post=19447"}],"curies":[{"name":"wp","href":"https:\/\/api.w.org\/{rel}","templated":true}]}}