{"id":194209,"date":"2021-12-07T07:42:27","date_gmt":"2021-12-07T13:42:27","guid":{"rendered":"https:\/\/plazajuarez.mx\/?p=194209"},"modified":"2021-12-07T07:42:37","modified_gmt":"2021-12-07T13:42:37","slug":"se-incendia-arbol-de-navidad-en-comunidad-de-tula","status":"publish","type":"post","link":"https:\/\/plazajuarez.mx\/historico\/se-incendia-arbol-de-navidad-en-comunidad-de-tula\/","title":{"rendered":"Se incendia \u00e1rbol de Navidad en comunidad de Tula"},"content":{"rendered":"\n<p>En pleno evento de encendido del \u00e1rbol de Navidad de la comunidad de San Miguel Vindho en Tula, una chispa de los fuegos pirot\u00e9cnicos ocasion\u00f3 que se incendiara lo que alarm\u00f3 a los asistentes.<\/p>\n\n\n\n<p>Los vecinos de la localidad se hab\u00edan congregado en la plaza principal para presenciar la celebraci\u00f3n de encendido y las fiestas navide\u00f1as, para lo cual se hab\u00edan programado fuegos pirot\u00e9cnicos.<\/p>\n\n\n\n<p>Sin embargo estos se colocaron muy cerca del \u00e1rbol de Navidad, lo que ocasion\u00f3 que las chispas alcanzaran la estructura y se incendiara.<\/p>\n\n\n\n<p>Entre gritos de los asistentes y el llanto de los ni\u00f1os, los vecinos lograron apagar las llamas, por lo cual todo qued\u00f3 en fuerte susto.<\/p>\n","protected":false},"excerpt":{"rendered":"<p>En pleno evento de encendido del \u00e1rbol de Navidad de la comunidad de San Miguel Vindho en Tula, una chispa de los fuegos pirot\u00e9cnicos ocasion\u00f3 que se incendiara lo que alarm\u00f3 a los asistentes. Los vecinos de la localidad se hab\u00edan congregado en la plaza principal para presenciar la celebraci\u00f3n de encendido y las fiestas [&hellip;]<\/p>\n","protected":false},"author":81,"featured_media":194210,"comment_status":"closed","ping_status":"closed","sticky":false,"template":"","format":"standard","meta":{"footnotes":""},"categories":[40],"tags":[],"class_list":["post-194209","post","type-post","status-publish","format-standard","has-post-thumbnail","hentry","category-region"],"_links":{"self":[{"href":"https:\/\/plazajuarez.mx\/historico\/wp-json\/wp\/v2\/posts\/194209","targetHints":{"allow":["GET"]}}],"collection":[{"href":"https:\/\/plazajuarez.mx\/historico\/wp-json\/wp\/v2\/posts"}],"about":[{"href":"https:\/\/plazajuarez.mx\/historico\/wp-json\/wp\/v2\/types\/post"}],"author":[{"embeddable":true,"href":"https:\/\/plazajuarez.mx\/historico\/wp-json\/wp\/v2\/users\/81"}],"replies":[{"embeddable":true,"href":"https:\/\/plazajuarez.mx\/historico\/wp-json\/wp\/v2\/comments?post=194209"}],"version-history":[{"count":0,"href":"https:\/\/plazajuarez.mx\/historico\/wp-json\/wp\/v2\/posts\/194209\/revisions"}],"wp:featuredmedia":[{"embeddable":true,"href":"https:\/\/plazajuarez.mx\/historico\/wp-json\/wp\/v2\/media\/194210"}],"wp:attachment":[{"href":"https:\/\/plazajuarez.mx\/historico\/wp-json\/wp\/v2\/media?parent=194209"}],"wp:term":[{"taxonomy":"category","embeddable":true,"href":"https:\/\/plazajuarez.mx\/historico\/wp-json\/wp\/v2\/categories?post=194209"},{"taxonomy":"post_tag","embeddable":true,"href":"https:\/\/plazajuarez.mx\/historico\/wp-json\/wp\/v2\/tags?post=194209"}],"curies":[{"name":"wp","href":"https:\/\/api.w.org\/{rel}","templated":true}]}}