{"id":193530,"date":"2021-12-02T07:20:26","date_gmt":"2021-12-02T13:20:26","guid":{"rendered":"https:\/\/plazajuarez.mx\/?p=193530"},"modified":"2021-12-02T09:40:29","modified_gmt":"2021-12-02T15:40:29","slug":"hoy-se-realizara-jornada-de-diversidad-cultural","status":"publish","type":"post","link":"https:\/\/plazajuarez.mx\/historico\/hoy-se-realizara-jornada-de-diversidad-cultural\/","title":{"rendered":"Hoy se realizar\u00e1 Jornada de Diversidad Cultural"},"content":{"rendered":"\n<p class=\"wp-block-paragraph\">El d\u00eda de hoy, el Instituto para la Atenci\u00f3n de las y los Adultos Mayores en coordinaci\u00f3n con la Secretar\u00eda de Cultura del estado, realizar\u00e1n la \u201cJornada de Diversidad Cultural. Personas Adultas Mayores\u201d. Las actividades se desarrollar\u00e1n de manera presencial en el Centro Gerontol\u00f3gico de Pachuca, ubicado en la Colonia Punta Azul, y se contar\u00e1n con las medidas correspondientes. <\/p>\n\n\n\n<p class=\"wp-block-paragraph\">Las actividades iniciar\u00e1n a las 11:00 de la ma\u00f1ana con la charla \u201cHacia una nueva normalidad \u00bfQu\u00e9 pasar\u00e1 con las personas adultas mayores?\u201d a cargo de Jos\u00e9 Luis Mej\u00eda Mercado, y se dar\u00e1 el taller intergeneracional: \u201cProcesos creativos\u201d, coordinado por Ver\u00f3nica Ram\u00edrez.<\/p>\n\n\n\n<p class=\"wp-block-paragraph\">A las 12:00 ser\u00e1 la presentaci\u00f3n editorial de \u201cSue\u00f1os y pensamientos de Palas Atenea\u201d de Minerva Galue Castillo y presentado por Leticia Sierra. A las 13:00 horas se proyectar\u00e1 \u201cNo quiero dormir sola\u201d de Natalia Berista\u00edn y a las 15:00 horas se har\u00e1 la presentaci\u00f3n musical del Ensamble Tlamaki, de la Orquesta Sinf\u00f3nica del Estado de Hidalgo.<\/p>\n\n\n\n<p class=\"wp-block-paragraph\">A trav\u00e9s de una publicaci\u00f3n en sus p\u00e1ginas oficiales de Facebook, se\u00f1alaron que las actividades se hacen con el objetivo de \u201carticular acciones en beneficio de este sector de la poblaci\u00f3n\u201d.<\/p>\n\n\n\n<p class=\"wp-block-paragraph\">As\u00ed mismo, indicaron que sumaron esfuerzos para articular acciones en beneficio de este sector y garantizar lo establecido en los Derechos Humanos de las Persona Mayores.&nbsp;<\/p>\n\n\n\n<p class=\"wp-block-paragraph\">Se\u00f1alaron que se considera como persona mayor a todas aquellas que tienen 60 o m\u00e1s a\u00f1os y que \u201cla satisfacci\u00f3n de sus necesidades f\u00edsicas, materiales, biol\u00f3gicas, emocionales, sociales, laborales, culturales, recreativas, productivas y espirituales tiene por objeto facilitarles una vejez plena y sana, y propiciar su desarrollo integral<\/p>\n","protected":false},"excerpt":{"rendered":"<p>El d\u00eda de hoy, el Instituto para la Atenci\u00f3n de las y los Adultos Mayores en coordinaci\u00f3n con la Secretar\u00eda de Cultura del estado, realizar\u00e1n la \u201cJornada de Diversidad Cultural. Personas Adultas Mayores\u201d. Las actividades se desarrollar\u00e1n de manera presencial en el Centro Gerontol\u00f3gico de Pachuca, ubicado en la Colonia Punta Azul, y se contar\u00e1n [&hellip;]<\/p>\n","protected":false},"author":101,"featured_media":193531,"comment_status":"closed","ping_status":"closed","sticky":false,"template":"","format":"standard","meta":{"footnotes":""},"categories":[59,2159],"tags":[],"class_list":["post-193530","post","type-post","status-publish","format-standard","has-post-thumbnail","hentry","category-general","category-noticias-de-hidalgo"],"_links":{"self":[{"href":"https:\/\/plazajuarez.mx\/historico\/wp-json\/wp\/v2\/posts\/193530","targetHints":{"allow":["GET"]}}],"collection":[{"href":"https:\/\/plazajuarez.mx\/historico\/wp-json\/wp\/v2\/posts"}],"about":[{"href":"https:\/\/plazajuarez.mx\/historico\/wp-json\/wp\/v2\/types\/post"}],"author":[{"embeddable":true,"href":"https:\/\/plazajuarez.mx\/historico\/wp-json\/wp\/v2\/users\/101"}],"replies":[{"embeddable":true,"href":"https:\/\/plazajuarez.mx\/historico\/wp-json\/wp\/v2\/comments?post=193530"}],"version-history":[{"count":0,"href":"https:\/\/plazajuarez.mx\/historico\/wp-json\/wp\/v2\/posts\/193530\/revisions"}],"wp:featuredmedia":[{"embeddable":true,"href":"https:\/\/plazajuarez.mx\/historico\/wp-json\/wp\/v2\/media\/193531"}],"wp:attachment":[{"href":"https:\/\/plazajuarez.mx\/historico\/wp-json\/wp\/v2\/media?parent=193530"}],"wp:term":[{"taxonomy":"category","embeddable":true,"href":"https:\/\/plazajuarez.mx\/historico\/wp-json\/wp\/v2\/categories?post=193530"},{"taxonomy":"post_tag","embeddable":true,"href":"https:\/\/plazajuarez.mx\/historico\/wp-json\/wp\/v2\/tags?post=193530"}],"curies":[{"name":"wp","href":"https:\/\/api.w.org\/{rel}","templated":true}]}}