{"id":193460,"date":"2021-12-01T13:30:15","date_gmt":"2021-12-01T19:30:15","guid":{"rendered":"https:\/\/plazajuarez.mx\/?p=193460"},"modified":"2021-12-01T13:48:47","modified_gmt":"2021-12-01T19:48:47","slug":"amlo_fest","status":"publish","type":"post","link":"https:\/\/plazajuarez.mx\/historico\/amlo_fest\/","title":{"rendered":"Organizados y con \u00f3rdenes, llegan cientos de personas al AMLOFest"},"content":{"rendered":"\n<p>Desde las 07:00 de la ma\u00f1ana, cientos de personas llegaron al Z\u00f3calo de la Ciudad de M\u00e9xico procedentes de Nezahualc\u00f3yotl, Estado de M\u00e9xico, para escuchar el informe de actividades que dar\u00e1 el presidente Andr\u00e9s Manuel L\u00f3pez Obrador esta tarde con motivo de su tercer a\u00f1o de gobierno.<\/p>\n\n\n\n<p>Destaca que este grupo tiene la orden de estar parados en los bordes del Z\u00f3calo capitalino y cargar tubos de pl\u00e1stico con una altura de 6 metros los cuales portan al final una bandera con el la leyenda &#8220;Unid@s con AMLO Morena Neza&#8221;.<\/p>\n\n\n\n<p>Las personas que cargan los pesados tubos reciben \u00f3rdenes de quienes afirman &#8220;son lideres de Morena en Neza&#8221;.<\/p>\n\n\n\n<p>Al preguntarles si reciben alg\u00fan monto de dinero por estar cargando los tubos evitan responder y comentan que &#8220;mejor vayan con los l\u00edderes&#8221;.<\/p>\n","protected":false},"excerpt":{"rendered":"<p>Desde las 07:00 de la ma\u00f1ana, cientos de personas llegaron al Z\u00f3calo de la Ciudad de M\u00e9xico procedentes de Nezahualc\u00f3yotl, Estado de M\u00e9xico, para escuchar el informe de actividades que dar\u00e1 el presidente Andr\u00e9s Manuel L\u00f3pez Obrador esta tarde con motivo de su tercer a\u00f1o de gobierno. Destaca que este grupo tiene la orden de [&hellip;]<\/p>\n","protected":false},"author":80,"featured_media":192332,"comment_status":"closed","ping_status":"closed","sticky":false,"template":"","format":"standard","meta":{"footnotes":""},"categories":[36],"tags":[],"class_list":["post-193460","post","type-post","status-publish","format-standard","has-post-thumbnail","hentry","category-nacion"],"_links":{"self":[{"href":"https:\/\/plazajuarez.mx\/historico\/wp-json\/wp\/v2\/posts\/193460","targetHints":{"allow":["GET"]}}],"collection":[{"href":"https:\/\/plazajuarez.mx\/historico\/wp-json\/wp\/v2\/posts"}],"about":[{"href":"https:\/\/plazajuarez.mx\/historico\/wp-json\/wp\/v2\/types\/post"}],"author":[{"embeddable":true,"href":"https:\/\/plazajuarez.mx\/historico\/wp-json\/wp\/v2\/users\/80"}],"replies":[{"embeddable":true,"href":"https:\/\/plazajuarez.mx\/historico\/wp-json\/wp\/v2\/comments?post=193460"}],"version-history":[{"count":0,"href":"https:\/\/plazajuarez.mx\/historico\/wp-json\/wp\/v2\/posts\/193460\/revisions"}],"wp:featuredmedia":[{"embeddable":true,"href":"https:\/\/plazajuarez.mx\/historico\/wp-json\/wp\/v2\/media\/192332"}],"wp:attachment":[{"href":"https:\/\/plazajuarez.mx\/historico\/wp-json\/wp\/v2\/media?parent=193460"}],"wp:term":[{"taxonomy":"category","embeddable":true,"href":"https:\/\/plazajuarez.mx\/historico\/wp-json\/wp\/v2\/categories?post=193460"},{"taxonomy":"post_tag","embeddable":true,"href":"https:\/\/plazajuarez.mx\/historico\/wp-json\/wp\/v2\/tags?post=193460"}],"curies":[{"name":"wp","href":"https:\/\/api.w.org\/{rel}","templated":true}]}}