{"id":1934,"date":"2015-03-08T06:00:00","date_gmt":"2015-03-08T06:00:00","guid":{"rendered":"http:\/\/plazajuarez.mx\/index\/index.php\/2015\/03\/08\/deplora-cndh-conducta-de-edil-que-levanto-vestido-a-mujer\/"},"modified":"2015-03-08T06:00:00","modified_gmt":"2015-03-08T06:00:00","slug":"deplora-cndh-conducta-de-edil-que-levanto-vestido-a-mujer","status":"publish","type":"post","link":"https:\/\/plazajuarez.mx\/historico\/deplora-cndh-conducta-de-edil-que-levanto-vestido-a-mujer\/","title":{"rendered":"Deplora CNDH conducta de  edil que levant\u00f3 vestido a mujer"},"content":{"rendered":"<p>M\u00e9xico, D.F.- La Comisi\u00f3n Nacional de los Derechos Humanos (CNDH) deplor\u00f3 la conducta del presidente Municipal de San Blas, Nayarit, Hilario Ram\u00edrez Villanueva, tras considerar que &#8220;hace v\u00edctima a una mujer en su dignidad&#8221;.<\/p>\n<p>  <!--more-->  <\/p>\n<p>\u00a0<\/p>\n<p>En el marco del D\u00eda Internacional de la Mujer, el Organismo nacional asegur\u00f3 que el comportamiento del edil contraviene la Ley General de Acceso de las Mujeres a una Vida Libre de Violencia, as\u00ed como ordenamientos nacionales e internacionales.<\/p>\n<p>Ram\u00edrez Villanueva fue criticado por levantar la falda a una mujer en un escenario mientras bailaba con ella durante su fiesta de cumplea\u00f1os; el hecho, que fue condenado, se viraliz\u00f3 a trav\u00e9s de un video en redes sociales y retomado en distintos medios informativos.<\/p>\n<p>En este sentido la CNDH se pronunci\u00f3 por la construcci\u00f3n jur\u00eddica en los Estados que garantice, de mejor forma, los derechos humanos de las mujeres.<\/p>\n","protected":false},"excerpt":{"rendered":"<p>M\u00e9xico, D.F.- La Comisi\u00f3n Nacional de los Derechos Humanos (CNDH) deplor\u00f3 la conducta del presidente Municipal de San Blas, Nayarit, Hilario Ram\u00edrez Villanueva, tras considerar que &#8220;hace v\u00edctima a una mujer en su dignidad&#8221;.<\/p>\n","protected":false},"author":93,"featured_media":0,"comment_status":"open","ping_status":"open","sticky":false,"template":"","format":"standard","meta":{"footnotes":""},"categories":[36],"tags":[],"class_list":["post-1934","post","type-post","status-publish","format-standard","hentry","category-nacion"],"_links":{"self":[{"href":"https:\/\/plazajuarez.mx\/historico\/wp-json\/wp\/v2\/posts\/1934","targetHints":{"allow":["GET"]}}],"collection":[{"href":"https:\/\/plazajuarez.mx\/historico\/wp-json\/wp\/v2\/posts"}],"about":[{"href":"https:\/\/plazajuarez.mx\/historico\/wp-json\/wp\/v2\/types\/post"}],"author":[{"embeddable":true,"href":"https:\/\/plazajuarez.mx\/historico\/wp-json\/wp\/v2\/users\/93"}],"replies":[{"embeddable":true,"href":"https:\/\/plazajuarez.mx\/historico\/wp-json\/wp\/v2\/comments?post=1934"}],"version-history":[{"count":0,"href":"https:\/\/plazajuarez.mx\/historico\/wp-json\/wp\/v2\/posts\/1934\/revisions"}],"wp:attachment":[{"href":"https:\/\/plazajuarez.mx\/historico\/wp-json\/wp\/v2\/media?parent=1934"}],"wp:term":[{"taxonomy":"category","embeddable":true,"href":"https:\/\/plazajuarez.mx\/historico\/wp-json\/wp\/v2\/categories?post=1934"},{"taxonomy":"post_tag","embeddable":true,"href":"https:\/\/plazajuarez.mx\/historico\/wp-json\/wp\/v2\/tags?post=1934"}],"curies":[{"name":"wp","href":"https:\/\/api.w.org\/{rel}","templated":true}]}}