{"id":1933,"date":"2015-03-08T06:00:00","date_gmt":"2015-03-08T06:00:00","guid":{"rendered":"http:\/\/plazajuarez.mx\/index\/index.php\/2015\/03\/08\/la-tuta-se-reserva-derecho-a-declarar-en-segundo-proceso-penal\/"},"modified":"2015-03-08T06:00:00","modified_gmt":"2015-03-08T06:00:00","slug":"la-tuta-se-reserva-derecho-a-declarar-en-segundo-proceso-penal","status":"publish","type":"post","link":"https:\/\/plazajuarez.mx\/historico\/la-tuta-se-reserva-derecho-a-declarar-en-segundo-proceso-penal\/","title":{"rendered":"&#8216;La Tuta&#8217; se reserva derecho a  declarar en segundo proceso penal"},"content":{"rendered":"<p>M\u00e9xico, DF.- Servando G\u00f3mez Mart\u00ednez, La Tuta, se reserv\u00f3 su derecho a rendir declaraci\u00f3n preparatoria dentro del segundo proceso penal que se le instruy\u00f3 por el delito de delincuencia organizada. Igual que aconteci\u00f3 en la primera acusaci\u00f3n, el l\u00edder de Los caballeros templarios pidi\u00f3 la ampliaci\u00f3n del t\u00e9rmino para que se determine su situaci\u00f3n jur\u00eddica.<\/p>\n<p>  <!--more-->  <\/p>\n<p>\u00a0<\/p>\n<p>El Consejo de la Judicatura Federal inform\u00f3 que el Juzgado Tercero de Distrito en Materia de Procesos Penales Federales en el Estado de M\u00e9xico, con residencia en Toluca, inform\u00f3 que dentro de la causa penal 19\/2014, desahog\u00f3 la diligencia de declaraci\u00f3n preparatoria de Servando G\u00f3mez Mart\u00ednez.<\/p>\n<p>&#8220;El inculpado solicit\u00f3 la duplicidad del t\u00e9rmino constitucional de 72 a 144 horas para que la autoridad jurisdiccional defina su situaci\u00f3n jur\u00eddica. Dicho plazo vence el pr\u00f3ximo jueves 12 de marzo, a las 11:00 horas\u201d. (Agencias)<\/p>\n","protected":false},"excerpt":{"rendered":"<p>M\u00e9xico, DF.- Servando G\u00f3mez Mart\u00ednez, La Tuta, se reserv\u00f3 su derecho a rendir declaraci\u00f3n preparatoria dentro del segundo proceso penal que se le instruy\u00f3 por el delito de delincuencia organizada. Igual que aconteci\u00f3 en la primera acusaci\u00f3n, el l\u00edder de Los caballeros templarios pidi\u00f3 la ampliaci\u00f3n del t\u00e9rmino para que se determine su situaci\u00f3n jur\u00eddica.<\/p>\n","protected":false},"author":93,"featured_media":0,"comment_status":"open","ping_status":"open","sticky":false,"template":"","format":"standard","meta":{"footnotes":""},"categories":[36],"tags":[],"class_list":["post-1933","post","type-post","status-publish","format-standard","hentry","category-nacion"],"_links":{"self":[{"href":"https:\/\/plazajuarez.mx\/historico\/wp-json\/wp\/v2\/posts\/1933","targetHints":{"allow":["GET"]}}],"collection":[{"href":"https:\/\/plazajuarez.mx\/historico\/wp-json\/wp\/v2\/posts"}],"about":[{"href":"https:\/\/plazajuarez.mx\/historico\/wp-json\/wp\/v2\/types\/post"}],"author":[{"embeddable":true,"href":"https:\/\/plazajuarez.mx\/historico\/wp-json\/wp\/v2\/users\/93"}],"replies":[{"embeddable":true,"href":"https:\/\/plazajuarez.mx\/historico\/wp-json\/wp\/v2\/comments?post=1933"}],"version-history":[{"count":0,"href":"https:\/\/plazajuarez.mx\/historico\/wp-json\/wp\/v2\/posts\/1933\/revisions"}],"wp:attachment":[{"href":"https:\/\/plazajuarez.mx\/historico\/wp-json\/wp\/v2\/media?parent=1933"}],"wp:term":[{"taxonomy":"category","embeddable":true,"href":"https:\/\/plazajuarez.mx\/historico\/wp-json\/wp\/v2\/categories?post=1933"},{"taxonomy":"post_tag","embeddable":true,"href":"https:\/\/plazajuarez.mx\/historico\/wp-json\/wp\/v2\/tags?post=1933"}],"curies":[{"name":"wp","href":"https:\/\/api.w.org\/{rel}","templated":true}]}}