{"id":193286,"date":"2021-11-30T10:47:54","date_gmt":"2021-11-30T16:47:54","guid":{"rendered":"https:\/\/plazajuarez.mx\/?p=193286"},"modified":"2021-11-30T10:48:02","modified_gmt":"2021-11-30T16:48:02","slug":"mexico-estudia-aplicar-pronto-una-dosis-de-refuerzo-de-la-vacuna-anticovid","status":"publish","type":"post","link":"https:\/\/plazajuarez.mx\/historico\/mexico-estudia-aplicar-pronto-una-dosis-de-refuerzo-de-la-vacuna-anticovid\/","title":{"rendered":"M\u00e9xico estudia aplicar &#8220;pronto&#8221; una dosis de refuerzo de la vacuna anticovid"},"content":{"rendered":"\n<p>(EFE) El presidente de M\u00e9xico, Andr\u00e9s Manuel L\u00f3pez Obrador, anunci\u00f3 este martes que su Gobierno est\u00e1 estudiando aplicar &#8220;lo m\u00e1s pronto&#8221; posible una dosis de refuerzo de la vacuna contra la covid-19 para adultos mayores y maestros.<\/p>\n\n\n\n<p>&#8220;No se ha anunciado porque hubo mucha alarma con la nueva variante. Quisimos actuar con prudencia para no influir miedo, pero s\u00ed es parte del plan que se tiene, lo m\u00e1s pronto&#8221;, dijo L\u00f3pez Obrador en su rueda de prensa matutina.<\/p>\n\n\n\n<p>El mandatario record\u00f3 que ya comenz\u00f3 la inmunizaci\u00f3n de adolescentes y dijo que habr\u00e1 &#8220;un refuerzo para adultos mayores&#8221; y tambi\u00e9n para los maestros que recibieron la vacuna chino de CanSino, que solo requiere de una dosis.<\/p>\n\n\n\n<p>&#8220;Se van a reforzar algunas vacunas que de acuerdo a las investigaciones necesitan ese refuerzo. No va a tardar mucho&#8221;, afirm\u00f3.<\/p>\n\n\n\n<p>Ante la extensi\u00f3n de la nueva variante del coronavirus, llamada \u00f3micron y detectada en Sud\u00e1frica, el Gobierno mexicano descarta cerrar fronteras y aumentar nuevas restricciones.<\/p>\n\n\n\n<p>L\u00f3pez Obrador asegur\u00f3 este martes que en M\u00e9xico &#8220;ni hubo ni habr\u00e1 toque de queda&#8221;.<\/p>\n\n\n\n<p>El presidente congregar\u00e1 el mi\u00e9rcoles en el Z\u00f3calo capitalino a miles de simpatizantes para festejar sus tres a\u00f1os de Gobierno y dijo que &#8220;el que quiera llevar cubrebocas lo puede hacer&#8221;.<\/p>\n\n\n\n<p>&#8220;Lo que est\u00e1 pasando con la nueva variante es que no llegaron las vacunas a \u00c1frica. No es que sea terrible la nueva variante, es que se abandon\u00f3 a los pobres, como suele pasar&#8221;, critic\u00f3 L\u00f3pez Obrador.<\/p>\n\n\n\n<p>En la misma rueda de prensa, el estratega mexicano contra la pandemia, Hugo L\u00f3pez-Gatell, dio &#8220;por hecho&#8221; que \u00f3micron llegar\u00e1 a M\u00e9xico y al resto de pa\u00edses del mundo pero consider\u00f3 que la efectividad de las vacunas &#8220;sigue siendo vigente&#8221;.<\/p>\n\n\n\n<p>M\u00e9xico, que acumula 294.000 muertos confirmados de covid-19 y 3,9 millones de contagios, no ha aplicado confinamientos obligatorios ni ha cerrado sus fronteras durante toda la pandemia.<\/p>\n\n\n\n<p>De sus 126 millones de habitantes, 76,6 millones de personas mayores de 18 a\u00f1os tienen al menos una dosis de la vacuna y 64,92 millones han completado el esquema de vacunaci\u00f3n.<\/p>\n","protected":false},"excerpt":{"rendered":"<p>(EFE) El presidente de M\u00e9xico, Andr\u00e9s Manuel L\u00f3pez Obrador, anunci\u00f3 este martes que su Gobierno est\u00e1 estudiando aplicar &#8220;lo m\u00e1s pronto&#8221; posible una dosis de refuerzo de la vacuna contra la covid-19 para adultos mayores y maestros. &#8220;No se ha anunciado porque hubo mucha alarma con la nueva variante. Quisimos actuar con prudencia para no [&hellip;]<\/p>\n","protected":false},"author":80,"featured_media":193288,"comment_status":"closed","ping_status":"closed","sticky":false,"template":"","format":"standard","meta":{"footnotes":""},"categories":[15,36],"tags":[],"class_list":["post-193286","post","type-post","status-publish","format-standard","has-post-thumbnail","hentry","category-destacadas","category-nacion"],"_links":{"self":[{"href":"https:\/\/plazajuarez.mx\/historico\/wp-json\/wp\/v2\/posts\/193286","targetHints":{"allow":["GET"]}}],"collection":[{"href":"https:\/\/plazajuarez.mx\/historico\/wp-json\/wp\/v2\/posts"}],"about":[{"href":"https:\/\/plazajuarez.mx\/historico\/wp-json\/wp\/v2\/types\/post"}],"author":[{"embeddable":true,"href":"https:\/\/plazajuarez.mx\/historico\/wp-json\/wp\/v2\/users\/80"}],"replies":[{"embeddable":true,"href":"https:\/\/plazajuarez.mx\/historico\/wp-json\/wp\/v2\/comments?post=193286"}],"version-history":[{"count":0,"href":"https:\/\/plazajuarez.mx\/historico\/wp-json\/wp\/v2\/posts\/193286\/revisions"}],"wp:featuredmedia":[{"embeddable":true,"href":"https:\/\/plazajuarez.mx\/historico\/wp-json\/wp\/v2\/media\/193288"}],"wp:attachment":[{"href":"https:\/\/plazajuarez.mx\/historico\/wp-json\/wp\/v2\/media?parent=193286"}],"wp:term":[{"taxonomy":"category","embeddable":true,"href":"https:\/\/plazajuarez.mx\/historico\/wp-json\/wp\/v2\/categories?post=193286"},{"taxonomy":"post_tag","embeddable":true,"href":"https:\/\/plazajuarez.mx\/historico\/wp-json\/wp\/v2\/tags?post=193286"}],"curies":[{"name":"wp","href":"https:\/\/api.w.org\/{rel}","templated":true}]}}