{"id":193272,"date":"2021-11-30T10:37:33","date_gmt":"2021-11-30T16:37:33","guid":{"rendered":"https:\/\/plazajuarez.mx\/?p=193272"},"modified":"2021-11-30T10:37:48","modified_gmt":"2021-11-30T16:37:48","slug":"fallece-de-cancer-virgil-abloh-director-creativo-de-la-linea-masculina-de-louis-vuitton","status":"publish","type":"post","link":"https:\/\/plazajuarez.mx\/historico\/fallece-de-cancer-virgil-abloh-director-creativo-de-la-linea-masculina-de-louis-vuitton\/","title":{"rendered":"Fallece de c\u00e1ncer Virgil Abloh, director creativo de la l\u00ednea masculina de Louis Vuitton"},"content":{"rendered":"\n<p>El dise\u00f1ador estadounidense Virgil Abloh, director creativo de la l\u00ednea masculina de Louis Vuitton, muri\u00f3 de c\u00e1ncer este domingo a los 41 a\u00f1os, anunci\u00f3 el grupo LVHM, al que pertenece esa marca.<\/p>\n\n\n\n<p>&#8220;Estamos conmocionados por esta terrible noticia. Virgil no era solamente un dise\u00f1ador magn\u00edfico, un visionario, sino tambi\u00e9n un hombre con una bonita alma y una gran sabidur\u00eda&#8221;, dijo en Twitter el propietario de ese conglomerado de lujo, Bernard Arnault.<\/p>\n\n\n\n<p>Abloh tambi\u00e9n era director creativo de la marca Off White, de la que LVMH era el accionista mayoritario, y sufr\u00eda c\u00e1ncer desde hac\u00eda a\u00f1os, seg\u00fan se precis\u00f3 en ese mensaje en el que se mand\u00f3 el p\u00e9same &#8220;a todos los que le quer\u00edan&#8221;.<\/p>\n\n\n\n<p>El creador, que se dio a conocer como asesor creativo del rapero estadounidense Kanye West, fue nombrado al frente de la direcci\u00f3n creativa de la l\u00ednea masculina de Louis Vuitton en marzo de 2018, como sucesor del brit\u00e1nico Kim Jones.<\/p>\n\n\n\n<p>Abloh apunt\u00f3 entonces que la herencia y la &#8220;integridad creativa&#8221; de Louis Vuitton eran fuentes de inspiraci\u00f3n clave para \u00e9l y que les iba a rendir homenaje, adem\u00e1s de intentar tender puentes con la actualidad.<\/p>\n\n\n\n<p>Nacido en Rockford en 1980, hijo de padres emigrados desde Ghana a Estados Unidos, hab\u00eda convertido su propia marca, Off White, creada en 2012, en una de las m\u00e1s atractivas para el p\u00fablico joven gracias en parte a su relaci\u00f3n con West y otros cantantes.<\/p>\n\n\n\n<p>El estadounidense era tambi\u00e9n conocido por incluir reivindicaciones pol\u00edticas en sus prendas. Era titulado en ingenier\u00eda civil por la Universidad de Wisconsin y ten\u00eda un m\u00e1ster en Arquitectura en el Instituto de Tecnolog\u00eda de Illinois.<\/p>\n\n\n\n<p>Su primera colecci\u00f3n al frente de Louis Vuitton vio la luz en junio de 2018. En los jardines del Palais Royal de Par\u00eds, unas 3.000 personas acudieron al evento y otras cientos esperaban en las cuatro entradas del parque para ver a las estrellas que acudieron al desfile, entre ellas West y su entonces mujer, Kim Kardashian.<\/p>\n\n\n\n<p>Abloh, padre de dos hijos, dijo entonces haber cumplido su sue\u00f1o y esper\u00f3 motivar a otros a perseguir los suyos: &#8220;T\u00fa tambi\u00e9n puedes hacerlo&#8221;, escribi\u00f3 en Instagram tras el desfile.<\/p>\n\n\n\n<p>Su cuenta en esa red social, donde ten\u00eda 6,5 millones de seguidores, precis\u00f3 este domingo que desde 2019 padec\u00eda un angiosarcoma card\u00edaco, un tipo de c\u00e1ncer agresivo y poco frecuente, por el que se hab\u00eda sometido a &#8220;numerosos tratamientos&#8221;, que decidi\u00f3 no hacer p\u00fablicos.<\/p>\n\n\n\n<p>&#8220;Su infinita curiosidad y su optimismo nunca decayeron. Virgil estaba impulsado por su dedicaci\u00f3n a su arte y por su misi\u00f3n de abrir puertas a otros y de crear v\u00edas para una mayor igualdad en el arte y el dise\u00f1o&#8221;, a\u00f1ade ese mensaje.<\/p>\n\n\n\n<p>Adem\u00e1s de estilista, el estadounidense pose\u00eda un largo y variado curr\u00edculo: DJ, m\u00fasico, productor de m\u00fasica, influencer y amigo de famosos. Suficiente para que la revista Time lo considerara en 2018 una de las 100 personas m\u00e1s influyentes del mundo.<\/p>\n\n\n\n<p>En septiembre de 2019, cuando no sali\u00f3 a saludar despu\u00e9s de un desfile, esa ausencia desat\u00f3 las alarmas. Entonces se dijo que su m\u00e9dico le hab\u00eda recomendado descanso tras diagnosticarle un &#8220;burnout&#8221;, es decir, un desgaste por exceso de trabajo conocido en espa\u00f1ol como s\u00edndrome del trabajador quemado.<\/p>\n","protected":false},"excerpt":{"rendered":"<p>El dise\u00f1ador estadounidense Virgil Abloh, director creativo de la l\u00ednea masculina de Louis Vuitton, muri\u00f3 de c\u00e1ncer este domingo a los 41 a\u00f1os, anunci\u00f3 el grupo LVHM, al que pertenece esa marca. &#8220;Estamos conmocionados por esta terrible noticia. Virgil no era solamente un dise\u00f1ador magn\u00edfico, un visionario, sino tambi\u00e9n un hombre con una bonita alma [&hellip;]<\/p>\n","protected":false},"author":80,"featured_media":193281,"comment_status":"closed","ping_status":"closed","sticky":false,"template":"","format":"standard","meta":{"footnotes":""},"categories":[38],"tags":[],"class_list":["post-193272","post","type-post","status-publish","format-standard","has-post-thumbnail","hentry","category-show"],"_links":{"self":[{"href":"https:\/\/plazajuarez.mx\/historico\/wp-json\/wp\/v2\/posts\/193272","targetHints":{"allow":["GET"]}}],"collection":[{"href":"https:\/\/plazajuarez.mx\/historico\/wp-json\/wp\/v2\/posts"}],"about":[{"href":"https:\/\/plazajuarez.mx\/historico\/wp-json\/wp\/v2\/types\/post"}],"author":[{"embeddable":true,"href":"https:\/\/plazajuarez.mx\/historico\/wp-json\/wp\/v2\/users\/80"}],"replies":[{"embeddable":true,"href":"https:\/\/plazajuarez.mx\/historico\/wp-json\/wp\/v2\/comments?post=193272"}],"version-history":[{"count":0,"href":"https:\/\/plazajuarez.mx\/historico\/wp-json\/wp\/v2\/posts\/193272\/revisions"}],"wp:featuredmedia":[{"embeddable":true,"href":"https:\/\/plazajuarez.mx\/historico\/wp-json\/wp\/v2\/media\/193281"}],"wp:attachment":[{"href":"https:\/\/plazajuarez.mx\/historico\/wp-json\/wp\/v2\/media?parent=193272"}],"wp:term":[{"taxonomy":"category","embeddable":true,"href":"https:\/\/plazajuarez.mx\/historico\/wp-json\/wp\/v2\/categories?post=193272"},{"taxonomy":"post_tag","embeddable":true,"href":"https:\/\/plazajuarez.mx\/historico\/wp-json\/wp\/v2\/tags?post=193272"}],"curies":[{"name":"wp","href":"https:\/\/api.w.org\/{rel}","templated":true}]}}