{"id":1932,"date":"2015-03-08T06:00:00","date_gmt":"2015-03-08T06:00:00","guid":{"rendered":"http:\/\/plazajuarez.mx\/index\/index.php\/2015\/03\/08\/implicado-confiesa-que-disparo-a-mando-naval-por-miedo\/"},"modified":"2015-03-08T06:00:00","modified_gmt":"2015-03-08T06:00:00","slug":"implicado-confiesa-que-disparo-a-mando-naval-por-miedo","status":"publish","type":"post","link":"https:\/\/plazajuarez.mx\/historico\/implicado-confiesa-que-disparo-a-mando-naval-por-miedo\/","title":{"rendered":"Implicado confiesa que dispar\u00f3  a mando naval por &#8216;miedo&#8217;"},"content":{"rendered":"<p>Morelia, Mich.- Uno de los implicados en el homicidio del contralmirante Jos\u00e9 Luis<\/p>\n<p>  <!--more-->  <\/p>\n<p>\u00a0<\/p>\n<p>Corro Ch\u00e1vez confes\u00f3 haber cometido el crimen y el otro detenido se reserv\u00f3 su derecho a declarar ante el Ministerio P\u00fablico, revelaron fuentes oficiales.<\/p>\n<p>Miguel \u00c1ngel Nieto Vega, de 22 a\u00f1os, fue quien dispar\u00f3 contra el titular de la Capitan\u00eda de Puerto de L\u00e1zaro C\u00e1rdenas con una pistola tipo escuadra, calibre 45.<\/p>\n<p>De acuerdo con las constancias ministeriales, Nieto Vega \u201cse asust\u00f3\u201d porque el jefe naval de alto rango se opuso al asalto y dispar\u00f3 en una ocasi\u00f3n, lo cual fue suficiente para privar de la vida a quien durante 40 a\u00f1os prest\u00f3 sus servicios en la Marina.<\/p>\n<p>El presunto homicida tambi\u00e9n acept\u00f3, ante la fiscal\u00eda especializada en homicidios de la Subprocuradur\u00eda Regional de L\u00e1zaro C\u00e1rdenas, que se dedica al robo de veh\u00edculos desde noviembre de 2014 y que actuaba con tres c\u00f3mplices, entre ellos Noel Uriel P\u00e9rez Rivera, tambi\u00e9n detenido por el asalto y homicidio del funcionario federal.<\/p>\n<p>El contralmirante fue asesinado el pasado mi\u00e9rcoles por la noche cuando iba llegando a su domicilio, seg\u00fan los reportes oficiales. Los hechos ocurrieron pasadas las 21:00 horas, en la colonia Ejido, de L\u00e1zaro C\u00e1rdenas, Michoac\u00e1n. (Agencias)<\/p>\n","protected":false},"excerpt":{"rendered":"<p>Morelia, Mich.- Uno de los implicados en el homicidio del contralmirante Jos\u00e9 Luis<\/p>\n","protected":false},"author":93,"featured_media":0,"comment_status":"open","ping_status":"open","sticky":false,"template":"","format":"standard","meta":{"footnotes":""},"categories":[36],"tags":[],"class_list":["post-1932","post","type-post","status-publish","format-standard","hentry","category-nacion"],"_links":{"self":[{"href":"https:\/\/plazajuarez.mx\/historico\/wp-json\/wp\/v2\/posts\/1932","targetHints":{"allow":["GET"]}}],"collection":[{"href":"https:\/\/plazajuarez.mx\/historico\/wp-json\/wp\/v2\/posts"}],"about":[{"href":"https:\/\/plazajuarez.mx\/historico\/wp-json\/wp\/v2\/types\/post"}],"author":[{"embeddable":true,"href":"https:\/\/plazajuarez.mx\/historico\/wp-json\/wp\/v2\/users\/93"}],"replies":[{"embeddable":true,"href":"https:\/\/plazajuarez.mx\/historico\/wp-json\/wp\/v2\/comments?post=1932"}],"version-history":[{"count":0,"href":"https:\/\/plazajuarez.mx\/historico\/wp-json\/wp\/v2\/posts\/1932\/revisions"}],"wp:attachment":[{"href":"https:\/\/plazajuarez.mx\/historico\/wp-json\/wp\/v2\/media?parent=1932"}],"wp:term":[{"taxonomy":"category","embeddable":true,"href":"https:\/\/plazajuarez.mx\/historico\/wp-json\/wp\/v2\/categories?post=1932"},{"taxonomy":"post_tag","embeddable":true,"href":"https:\/\/plazajuarez.mx\/historico\/wp-json\/wp\/v2\/tags?post=1932"}],"curies":[{"name":"wp","href":"https:\/\/api.w.org\/{rel}","templated":true}]}}