{"id":193104,"date":"2021-11-29T11:08:27","date_gmt":"2021-11-29T17:08:27","guid":{"rendered":"https:\/\/plazajuarez.mx\/?p=193104"},"modified":"2021-11-29T11:08:34","modified_gmt":"2021-11-29T17:08:34","slug":"suena-muy-aterrador-pero-todos-los-dias-asesinan-a-una-nina-en-el-pais","status":"publish","type":"post","link":"https:\/\/plazajuarez.mx\/historico\/suena-muy-aterrador-pero-todos-los-dias-asesinan-a-una-nina-en-el-pais\/","title":{"rendered":"Suena muy aterrador, pero todos los d\u00edas asesinan a una ni\u00f1a en el pa\u00eds"},"content":{"rendered":"\n<p>En octubre de 2021, el caso de F\u00e1tima, una menor de 12 a\u00f1os que fue asesinada en 2015 en el Estado de M\u00e9xico, volvi\u00f3 a cobrar vida. Despu\u00e9s de un proceso de seis a\u00f1os, uno de los homicidas fue condenado a cadena perpetua. Las lesiones que le infringieron a F\u00e1tima fueron desgarradoras, sus agresores la sometieron en la calle, a tan s\u00f3lo 100 metros de su casa.<\/p>\n\n\n\n<p>Suena aterrador, pero la realidad es que en M\u00e9xico las ni\u00f1as no est\u00e1n seguras en las calles y tampoco en sus hogares. De 2015 a 2020, m\u00e1s de 700 menores de edad fueron asesinadas en la v\u00eda p\u00fablica y 558 en sus propias viviendas, de acuerdo con un an\u00e1lisis hecho a las cifras del Instituto Nacional de Estad\u00edstica y Geograf\u00eda (Inegi).<\/p>\n\n\n\n<p>El solo hecho de tener entre 15 y 17 a\u00f1os, ser mujer y vivir en M\u00e9xico te da 36% de probabilidades de ser v\u00edctima de feminicidio, dice Juan Mart\u00edn P\u00e9rez, director de la Red por los Derechos de la Infancia en M\u00e9xico (Redim).<\/p>\n\n\n\n<p>Al analizar las cifras del Inegi se encontraron m\u00e1s de una veintena de formas que muestran el nivel de violencia al que son sometidas m\u00e1s de 300 ni\u00f1as al a\u00f1o en el pa\u00eds. Y hay un patr\u00f3n revelador: las ni\u00f1as de cero a dos a\u00f1os y las menores de entre 13 y 17 son las m\u00e1s vulnerables; entre m\u00e1s peque\u00f1as son las v\u00edctimas, la mec\u00e1nica de muerte es m\u00e1s cruel.<\/p>\n\n\n\n<p>Este incremento en la violencia tiene tres elementos que lo caracterizan: la guerra que se vive en M\u00e9xico desde hace m\u00e1s de 15 a\u00f1os, la resistencia cultural que existe para reconocer a las ni\u00f1as y, uno de los m\u00e1s relevantes, el mensaje pol\u00edtico que se ha dado desde el m\u00e1s alto poder de que el tema no interesa, explica el director de Redim. &#8220;Es central asumir que tanto las autoridades sigan siendo c\u00f3mplices machistas esto no va a cambiar&#8221;, sentencia.<\/p>\n\n\n\n<p>El Estado de M\u00e9xico, considerado como el escenario m\u00e1s dram\u00e1tico del pa\u00eds, es un claro ejemplo. Ah\u00ed corre el mismo riesgo una adolescente de 17 a\u00f1os que una beb\u00e9 con meses de edad, de acuerdo con el an\u00e1lisis, un lugar en el que &#8220;a la violencia se le tiene que a\u00f1adir la total impunidad que existe&#8221;, asegura Juan Mart\u00edn.<\/p>\n","protected":false},"excerpt":{"rendered":"<p>En octubre de 2021, el caso de F\u00e1tima, una menor de 12 a\u00f1os que fue asesinada en 2015 en el Estado de M\u00e9xico, volvi\u00f3 a cobrar vida. Despu\u00e9s de un proceso de seis a\u00f1os, uno de los homicidas fue condenado a cadena perpetua. Las lesiones que le infringieron a F\u00e1tima fueron desgarradoras, sus agresores la [&hellip;]<\/p>\n","protected":false},"author":81,"featured_media":193115,"comment_status":"closed","ping_status":"closed","sticky":false,"template":"","format":"standard","meta":{"footnotes":""},"categories":[37],"tags":[],"class_list":["post-193104","post","type-post","status-publish","format-standard","has-post-thumbnail","hentry","category-barandilla"],"_links":{"self":[{"href":"https:\/\/plazajuarez.mx\/historico\/wp-json\/wp\/v2\/posts\/193104","targetHints":{"allow":["GET"]}}],"collection":[{"href":"https:\/\/plazajuarez.mx\/historico\/wp-json\/wp\/v2\/posts"}],"about":[{"href":"https:\/\/plazajuarez.mx\/historico\/wp-json\/wp\/v2\/types\/post"}],"author":[{"embeddable":true,"href":"https:\/\/plazajuarez.mx\/historico\/wp-json\/wp\/v2\/users\/81"}],"replies":[{"embeddable":true,"href":"https:\/\/plazajuarez.mx\/historico\/wp-json\/wp\/v2\/comments?post=193104"}],"version-history":[{"count":0,"href":"https:\/\/plazajuarez.mx\/historico\/wp-json\/wp\/v2\/posts\/193104\/revisions"}],"wp:featuredmedia":[{"embeddable":true,"href":"https:\/\/plazajuarez.mx\/historico\/wp-json\/wp\/v2\/media\/193115"}],"wp:attachment":[{"href":"https:\/\/plazajuarez.mx\/historico\/wp-json\/wp\/v2\/media?parent=193104"}],"wp:term":[{"taxonomy":"category","embeddable":true,"href":"https:\/\/plazajuarez.mx\/historico\/wp-json\/wp\/v2\/categories?post=193104"},{"taxonomy":"post_tag","embeddable":true,"href":"https:\/\/plazajuarez.mx\/historico\/wp-json\/wp\/v2\/tags?post=193104"}],"curies":[{"name":"wp","href":"https:\/\/api.w.org\/{rel}","templated":true}]}}