{"id":1931,"date":"2015-03-08T06:00:00","date_gmt":"2015-03-08T06:00:00","guid":{"rendered":"http:\/\/plazajuarez.mx\/index\/index.php\/2015\/03\/08\/investigacion-contra-padres-solo-denuncia-mediatica-madero\/"},"modified":"2015-03-08T06:00:00","modified_gmt":"2015-03-08T06:00:00","slug":"investigacion-contra-padres-solo-denuncia-mediatica-madero","status":"publish","type":"post","link":"https:\/\/plazajuarez.mx\/historico\/investigacion-contra-padres-solo-denuncia-mediatica-madero\/","title":{"rendered":"Investigaci\u00f3n contra Padr\u00e9s, s\u00f3lo  denuncia medi\u00e1tica: Madero"},"content":{"rendered":"<p>M\u00e9xico, D.F.- El l\u00edder nacional del PAN, Gustavo Madero, asegur\u00f3 que la investigaci\u00f3n que dio a conocer el peri\u00f3dico estadounidense \u201cThe Wall Street Journal\u201d sobre el gobernador de Sonora, Guillermo Padr\u00e9s, es s\u00f3lo una denuncia medi\u00e1tica y no llegar\u00e1 a tener investigaci\u00f3n alguna.<\/p>\n<p>  <!--more-->  <\/p>\n<p>\u00a0<\/p>\n<p>En entrevista \u200een Sinaloa, donde acudi\u00f3 al informe legislativo de los diputados Jorge Villalobos y Mart\u00edn Heredia, Madero coment\u00f3 que\u200e la temporada electoral es de campa\u00f1as negativas, de denotaci\u00f3n, de calumnias y esto enrarece y confunde m\u00e1s a los ciudadanos.<\/p>\n<p>Dijo que con este tipo de calumnias los ciudadanos ya no saben lo que es verdad y lo que es falso y se quedan simplemente con el impacto y eso los aleja de la pol\u00edtica y este es el efecto venenoso que hace en una campa\u00f1a electoral. \u00a0&#8220;Yo estoy seguro que muchas de estas denuncias se van a quedar ah\u00ed, en una denuncia medi\u00e1tica, no llegar\u00e1n a ser investigaciones y menos todav\u00eda a que tuvieran algo de sustancia, pero el da\u00f1o que est\u00e1n buscando hacer es el da\u00f1o en el proceso electoral&#8221;, coment\u00f3 Madero.<\/p>\n<p>Por esto, llam\u00f3 a las autoridades electorales a \u200etomar cartas en el\u200e asunto, porque es un da\u00f1o que le hacen a la confianza y a la informaci\u00f3n de los ciudadanos, los desorienta y los confunde.<\/p>\n<p>El pasado jueves, el diario estadounidense inform\u00f3 que el gobernador de Sonora, Guillermo Padr\u00e9s El\u00edas, se ha convertido en objetivo de una investigaci\u00f3n de las autoridades mexicanas por presuntamente haber recibido cantidades millonarias de empresarios a cambio de jugosos contratos de su gobierno.<\/p>\n<p>El rotativo consigna que el esquema de las operaciones parece atenerse al viejo gui\u00f3n del hermano, que hace las veces de facilitador de los contratos y receptor de las jugosas cantidades de dinero.<\/p>\n<p>En este caso, se trata del hermano del gobernador panista, Miguel Padr\u00e9s, quien habr\u00eda recibido poco m\u00e1s de 3 millones de d\u00f3lares para facilitar la asignaci\u00f3n de contratos por 20 millones de d\u00f3lares a distintos empresarios que han sacado provecho de la industria de los uniformes escolares para las escuelas p\u00fablicas del estado. (Agencias)<\/p>\n","protected":false},"excerpt":{"rendered":"<p>M\u00e9xico, D.F.- El l\u00edder nacional del PAN, Gustavo Madero, asegur\u00f3 que la investigaci\u00f3n que dio a conocer el peri\u00f3dico estadounidense \u201cThe Wall Street Journal\u201d sobre el gobernador de Sonora, Guillermo Padr\u00e9s, es s\u00f3lo una denuncia medi\u00e1tica y no llegar\u00e1 a tener investigaci\u00f3n alguna.<\/p>\n","protected":false},"author":93,"featured_media":0,"comment_status":"open","ping_status":"open","sticky":false,"template":"","format":"standard","meta":{"footnotes":""},"categories":[36],"tags":[],"class_list":["post-1931","post","type-post","status-publish","format-standard","hentry","category-nacion"],"_links":{"self":[{"href":"https:\/\/plazajuarez.mx\/historico\/wp-json\/wp\/v2\/posts\/1931","targetHints":{"allow":["GET"]}}],"collection":[{"href":"https:\/\/plazajuarez.mx\/historico\/wp-json\/wp\/v2\/posts"}],"about":[{"href":"https:\/\/plazajuarez.mx\/historico\/wp-json\/wp\/v2\/types\/post"}],"author":[{"embeddable":true,"href":"https:\/\/plazajuarez.mx\/historico\/wp-json\/wp\/v2\/users\/93"}],"replies":[{"embeddable":true,"href":"https:\/\/plazajuarez.mx\/historico\/wp-json\/wp\/v2\/comments?post=1931"}],"version-history":[{"count":0,"href":"https:\/\/plazajuarez.mx\/historico\/wp-json\/wp\/v2\/posts\/1931\/revisions"}],"wp:attachment":[{"href":"https:\/\/plazajuarez.mx\/historico\/wp-json\/wp\/v2\/media?parent=1931"}],"wp:term":[{"taxonomy":"category","embeddable":true,"href":"https:\/\/plazajuarez.mx\/historico\/wp-json\/wp\/v2\/categories?post=1931"},{"taxonomy":"post_tag","embeddable":true,"href":"https:\/\/plazajuarez.mx\/historico\/wp-json\/wp\/v2\/tags?post=1931"}],"curies":[{"name":"wp","href":"https:\/\/api.w.org\/{rel}","templated":true}]}}