{"id":193053,"date":"2021-11-29T08:35:47","date_gmt":"2021-11-29T14:35:47","guid":{"rendered":"https:\/\/plazajuarez.mx\/?p=193053"},"modified":"2021-11-29T08:36:07","modified_gmt":"2021-11-29T14:36:07","slug":"alfil-negro-2209","status":"publish","type":"post","link":"https:\/\/plazajuarez.mx\/historico\/alfil-negro-2209\/","title":{"rendered":"ALFIL NEGRO"},"content":{"rendered":"\n<p><\/p>\n\n\n\n<h2 class=\"wp-block-heading\"><strong>El candidato del PRI se elige en Hidalgo<\/strong><\/h2>\n\n\n\n<p><\/p>\n\n\n\n<p>Despu\u00e9s del evento del d\u00eda de ayer en la sede priista con la asistencia de los meros meros de este partido a nivel nacional y local, una cosa qued\u00f3 clara para todos: que el candidato a gobernador se va a decidir en Hidalgo, con un papel muy importante del primer priista el gobernador Omar Fayad.<\/p>\n\n\n\n<p>El clima pol\u00edtico del evento, la manifestaci\u00f3n de la fuerza del partido en Hidalgo, el indudable liderazgo de Fayad, y sobre todo los resultados del partido como Gobierno, reclamaron sin palabras el derecho para que la decisi\u00f3n sobre la candidatura ni se le ocurra al PRI Nacional querer agandallarse, porque el m\u00ednimo respeto por lo que es este partido en Hidalgo, exige que sean los priistas de Hidalgo los que decidan a qui\u00e9n quieren como candidato.<\/p>\n\n\n\n<p>Por si hab\u00eda alguna duda sobre lo que significa la figura del gobernador entre los priistas del estado, para nadie pas\u00f3 inadvertido el apoyo que tiene Omar de ex gobernadores, ex dirigentes del partido, y ni se diga de los pol\u00edticos que viven en Hidalgo que dieron muestras de tener en el gobernador a su l\u00edder fuerte.<\/p>\n\n\n\n<p>Si las cosas son como se vieron, en el sentido de que el PRI HIDALGO decide la candidatura, ya hay candidato&nbsp; y desde luego no es del PRI nacional.<\/p>\n\n\n\n<p>El PRI en M\u00e9xico no anda tan bien y en las elecciones pasadas no gan\u00f3 una sola gubernatura y perdi\u00f3 todo, y en la elecci\u00f3n del 5 de junio no se puede arriesgar a volver a perder si no tiene el sentido com\u00fan de apoyar al mejor PRI de M\u00e9xico que es el de Hidalgo y al mejor gobernador del pa\u00eds que es Omar.<\/p>\n\n\n\n<p>Si hay responsabilidad tricolor, la dirigencia nacional debe dejar que sea el partido de Hidalgo el que decida para tener un camino para ganar con el compromiso de los priistas de Hidalgo apoyando a SU candidato.<\/p>\n\n\n\n<p>Si quieren perder que impongan su apuesta.<\/p>\n\n\n\n<p><strong>Con Omar de gran factor pueden ganar. Sin Omar no ganan.&nbsp;<\/strong><\/p>\n","protected":false},"excerpt":{"rendered":"<p>El candidato del PRI se elige en Hidalgo Despu\u00e9s del evento del d\u00eda de ayer en la sede priista con la asistencia de los meros meros de este partido a nivel nacional y local, una cosa qued\u00f3 clara para todos: que el candidato a gobernador se va a decidir en Hidalgo, con un papel muy [&hellip;]<\/p>\n","protected":false},"author":83,"featured_media":0,"comment_status":"closed","ping_status":"closed","sticky":false,"template":"","format":"standard","meta":{"footnotes":""},"categories":[48,42],"tags":[],"class_list":["post-193053","post","type-post","status-publish","format-standard","hentry","category-adalberto-peralta","category-nuestrapalabra"],"_links":{"self":[{"href":"https:\/\/plazajuarez.mx\/historico\/wp-json\/wp\/v2\/posts\/193053","targetHints":{"allow":["GET"]}}],"collection":[{"href":"https:\/\/plazajuarez.mx\/historico\/wp-json\/wp\/v2\/posts"}],"about":[{"href":"https:\/\/plazajuarez.mx\/historico\/wp-json\/wp\/v2\/types\/post"}],"author":[{"embeddable":true,"href":"https:\/\/plazajuarez.mx\/historico\/wp-json\/wp\/v2\/users\/83"}],"replies":[{"embeddable":true,"href":"https:\/\/plazajuarez.mx\/historico\/wp-json\/wp\/v2\/comments?post=193053"}],"version-history":[{"count":0,"href":"https:\/\/plazajuarez.mx\/historico\/wp-json\/wp\/v2\/posts\/193053\/revisions"}],"wp:attachment":[{"href":"https:\/\/plazajuarez.mx\/historico\/wp-json\/wp\/v2\/media?parent=193053"}],"wp:term":[{"taxonomy":"category","embeddable":true,"href":"https:\/\/plazajuarez.mx\/historico\/wp-json\/wp\/v2\/categories?post=193053"},{"taxonomy":"post_tag","embeddable":true,"href":"https:\/\/plazajuarez.mx\/historico\/wp-json\/wp\/v2\/tags?post=193053"}],"curies":[{"name":"wp","href":"https:\/\/api.w.org\/{rel}","templated":true}]}}