{"id":193042,"date":"2021-11-28T20:02:32","date_gmt":"2021-11-29T02:02:32","guid":{"rendered":"https:\/\/plazajuarez.mx\/?p=193042"},"modified":"2021-11-28T20:02:42","modified_gmt":"2021-11-29T02:02:42","slug":"retratos-hablados-1115","status":"publish","type":"post","link":"https:\/\/plazajuarez.mx\/historico\/retratos-hablados-1115\/","title":{"rendered":"RETRATOS HABLADOS"},"content":{"rendered":"\n<h2 class=\"wp-block-heading\">Omar Fayad: una fuerza inusitada<\/h2>\n\n\n\n<p>El Comit\u00e9 Ejecutivo Nacional del PRI sabe que no puede ni debe caer en la tentaci\u00f3n de querer imponer, ni unidad ni candidatura alguna al gobierno de Hidalgo, por la simple y sencilla raz\u00f3n que ni tiene el poder necesario para hacerlo, ni la realidad del pa\u00eds responde a esos tiempos en que la voz del partido era la del presidente de la Rep\u00fablica.<\/p>\n\n\n\n<p>Sin embargo, de esta tentaci\u00f3n tambi\u00e9n debe abstenerse el gobernador del Estado y el Comit\u00e9 tricolor estatal que responde a sus designios, porque condenar\u00edan por adelantado al Revolucionario Institucional a una derrota contundente en los comicios gubernamentales del a\u00f1o pr\u00f3ximo.<\/p>\n\n\n\n<p>\u201cLa unidad no se va a construir en las c\u00fapulas, no se dicta desde la decisi\u00f3n del primer pri\u00edsta (el gobernador), ni desde el Comit\u00e9 Nacional ni del Comit\u00e9 Estatal. La unidad se construye en nuestras estructuras, se construye desde la inclusi\u00f3n, con di\u00e1logo, \u00e1nimo, pasi\u00f3n, y con el deseo de que a nuestro partido le vaya bien\u201d, dijo <strong>Omar Fayad<\/strong> al participar como orador en el evento masivo (muestra de m\u00fasculo tricolor) en rindi\u00f3 protesta la nueva dirigencia pri\u00edsta en la entidad, encabezada por <strong>Julio Valera.<\/strong><\/p>\n\n\n\n<p>En uno de sus discursos pol\u00edticos m\u00e1s importantes de toda su carrera pol\u00edtica, el mandatario hidalguense hizo un llamado a celebrar el \u201cPacto de unidad, lealtad e institucionalidad a nuestro partido, porque estamos unidos para la batalla electoral que viene\u201d.<\/p>\n\n\n\n<p>Flanqueado por los dos m\u00e1s serios aspirantes a la nominaci\u00f3n tricolor: a su mano izquierda, la diputada federal, <strong>Carolina Viggiano<\/strong>, acompa\u00f1ada por el l\u00edder nacional del tricolor, <strong>Alejandro Moreno<\/strong>; a su derecha, el alcalde Mineral de la Reforma, <strong>Israel F\u00e9lix<\/strong>, flanqueado por el ex gobernador <strong>Miguel \u00c1ngel Osorio<\/strong>, el gobernador <strong>Fayad<\/strong> lanz\u00f3 un discurso que amerit\u00f3 poca interpretaci\u00f3n para saber a qui\u00e9n iba dirigido y cu\u00e1les son y ser\u00e1n los elementos b\u00e1sicos para la definici\u00f3n de la candidatura pri\u00edsta.<\/p>\n\n\n\n<p>Ning\u00fan elemento escenogr\u00e1fico se dej\u00f3 a la improvisaci\u00f3n. Cada invitado ocup\u00f3 su lugar asignado no por el azar, s\u00ed en cambio por un entendedor profundo del signo de ling\u00fc\u00edstico de <strong>Saussure<\/strong>, para unir el significante y el significado en un acto casi de magia.<\/p>\n\n\n\n<p>Parece ocioso anotarlo, pero en un tiempo que la figura del Primer Pri\u00edsta de la Naci\u00f3n ha dejado de existir, la del Primer Pri\u00edsta del Estado cobra una fuerza inusitada si al cierre de su mandato constitucional puede presumir, con hechos, que ha logrado cumplir buena parte de sus compromisos, y tambi\u00e9n cimentar una relaci\u00f3n de colaboraci\u00f3n y respeto con un Presidente de la Rep\u00fablica, emanado de un partido que no es el suyo, y que adem\u00e1s trata con sincero desprecio y desconfianza a mandatarios tricolores.<\/p>\n\n\n\n<p>No es aventurado se\u00f1alar que pr\u00e1cticamente en cualquier escenario, <strong>Omar Fayad<\/strong> ser\u00e1 la \u00fanica garant\u00eda real para que el aspirante perdidoso en la carrera por la candidatura, no ponga en marcha una guerra intestina de venganza, y lleve a una derrota total y contundente al PRI en tierras hidalguenses.<\/p>\n\n\n\n<p>\u201cLealtad, compromiso e institucionalidad\u201d, son los tres requisitos que exigi\u00f3 a los dos m\u00e1s serios aspirantes a la nominaci\u00f3n, porque, dijo, es en la adversidad cuando se demuestra qui\u00e9n es de una sola pieza.<\/p>\n\n\n\n<p>Mal har\u00e1 sin embargo quien haga su interpretaci\u00f3n muy personal de lo dicho por el gobernador, y decida empezar a realizar actos triunfales por sentir que todo fue un homenaje de \u201cdestape\u201d a su persona, porque no solo perder\u00e1 en autom\u00e1tico la eventual candidatura, sino atentar\u00e1 contra el postulado m\u00e1s importante planteado por el mandatario hidalguense: \u201cSomos un partido que no se divide\u201d.<\/p>\n\n\n\n<p>En tanto seremos testigos en las siguientes semanas si las estructuras del PRI lograron acatar la inclusi\u00f3n, el di\u00e1logo, el \u00e1nimo y la pasi\u00f3n con el \u00fanico deseo que le vaya bien a su instituto pol\u00edtico, y no a una persona en lo particular.\u00a0<\/p>\n\n\n\n<p>Veremos.<\/p>\n\n\n\n<p>Mil gracias, hasta ma\u00f1ana.<\/p>\n\n\n\n<p><a href=\"mailto:jeperalta@plazajuarez.mx\/historico\/historico\">jeperalta@plazajuarez.mx\/historico\/historico<\/a><\/p>\n\n\n\n<p>@JavierEPeralta<\/p>\n","protected":false},"excerpt":{"rendered":"<p>Omar Fayad: una fuerza inusitada El Comit\u00e9 Ejecutivo Nacional del PRI sabe que no puede ni debe caer en la tentaci\u00f3n de querer imponer, ni unidad ni candidatura alguna al gobierno de Hidalgo, por la simple y sencilla raz\u00f3n que ni tiene el poder necesario para hacerlo, ni la realidad del pa\u00eds responde a esos [&hellip;]<\/p>\n","protected":false},"author":10,"featured_media":0,"comment_status":"closed","ping_status":"closed","sticky":false,"template":"","format":"standard","meta":{"footnotes":""},"categories":[15,49,42],"tags":[],"class_list":["post-193042","post","type-post","status-publish","format-standard","hentry","category-destacadas","category-javier-peralta","category-nuestrapalabra"],"_links":{"self":[{"href":"https:\/\/plazajuarez.mx\/historico\/wp-json\/wp\/v2\/posts\/193042","targetHints":{"allow":["GET"]}}],"collection":[{"href":"https:\/\/plazajuarez.mx\/historico\/wp-json\/wp\/v2\/posts"}],"about":[{"href":"https:\/\/plazajuarez.mx\/historico\/wp-json\/wp\/v2\/types\/post"}],"author":[{"embeddable":true,"href":"https:\/\/plazajuarez.mx\/historico\/wp-json\/wp\/v2\/users\/10"}],"replies":[{"embeddable":true,"href":"https:\/\/plazajuarez.mx\/historico\/wp-json\/wp\/v2\/comments?post=193042"}],"version-history":[{"count":0,"href":"https:\/\/plazajuarez.mx\/historico\/wp-json\/wp\/v2\/posts\/193042\/revisions"}],"wp:attachment":[{"href":"https:\/\/plazajuarez.mx\/historico\/wp-json\/wp\/v2\/media?parent=193042"}],"wp:term":[{"taxonomy":"category","embeddable":true,"href":"https:\/\/plazajuarez.mx\/historico\/wp-json\/wp\/v2\/categories?post=193042"},{"taxonomy":"post_tag","embeddable":true,"href":"https:\/\/plazajuarez.mx\/historico\/wp-json\/wp\/v2\/tags?post=193042"}],"curies":[{"name":"wp","href":"https:\/\/api.w.org\/{rel}","templated":true}]}}