{"id":193038,"date":"2021-11-28T18:52:47","date_gmt":"2021-11-29T00:52:47","guid":{"rendered":"https:\/\/plazajuarez.mx\/?p=193038"},"modified":"2021-11-28T18:52:56","modified_gmt":"2021-11-29T00:52:56","slug":"mexico-reporta-38-nuevas-muertes-y-1-050-nuevos-casos-por-coronavirus","status":"publish","type":"post","link":"https:\/\/plazajuarez.mx\/historico\/mexico-reporta-38-nuevas-muertes-y-1-050-nuevos-casos-por-coronavirus\/","title":{"rendered":"M\u00e9xico reporta 38 nuevas muertes y 1.050 nuevos casos por coronavirus"},"content":{"rendered":"\n<p>M\u00e9xico report\u00f3 38 nuevas muertes por la covid-19 en las \u00faltimas 24 horas, la tercera cifra m\u00e1s baja para un solo d\u00eda desde junio pasado, para llegar a 293.897 decesos, inform\u00f3 este domingo la Secretar\u00eda de Salud.<\/p>\n\n\n\n<p>El 1 y 14 de junio M\u00e9xico report\u00f3 33 y 37 decesos, respectivamente. Adem\u00e1s, las autoridades reportaron otros 1.050 casos para llegar a 3.883.842 contagios.<\/p>\n\n\n\n<p>En M\u00e9xico, en los reportes de domingo y lunes las cifras bajan debido al procesamiento de informaci\u00f3n del fin de semana.<\/p>\n\n\n\n<p>Con estas cifras M\u00e9xico se mantiene como el cuarto pa\u00eds con m\u00e1s muertes por la covid-19, detr\u00e1s de Estados Unidos, Brasil y la India, y el decimoquinto en n\u00famero de contagios confirmados, seg\u00fan el recuento de la Universidad Johns Hopkins.<\/p>\n\n\n\n<p>El pa\u00eds suma 17 semanas consecutivas de descenso en los contagios tras una tercera ola que alcanz\u00f3 su pico entre julio y agosto.<\/p>\n\n\n\n<p>El martes pasado, el estratega del Gobierno contra la pandemia, Hugo L\u00f3pez-Gatell, presumi\u00f3 de una &#8220;reducci\u00f3n cuantiosa&#8221; y &#8220;sostenida&#8221; de los casos de covid-19 y de una &#8220;intensidad epid\u00e9mica menor&#8221; tras dejar atr\u00e1s la tercera ola de contagios.<\/p>\n\n\n\n<p>Esto, a pesar de que el secretario de Salud, Jorge Alcocer, declar\u00f3 que en el pa\u00eds &#8220;se presentan peque\u00f1os indicios de una cuarta ola&#8221;.<\/p>\n\n\n\n<p>Las autoridades sanitarias reconocen que, con base en las actas de defunci\u00f3n, la pandemia rondar\u00eda los 440.000 fallecidos en el pa\u00eds y estiman que M\u00e9xico acumula en realidad 4.106.134 de contagios.<\/p>\n\n\n\n<p>De la cifra de casos, hay 22.034 activos, que han presentado s\u00edntomas durante los \u00faltimos 14 d\u00edas y suponen el 0,5 % del total.<\/p>\n\n\n\n<p>Adem\u00e1s, desde el inicio de la pandemia se han recuperado 3.240.521 personas.<\/p>\n\n\n\n<p>La ocupaci\u00f3n media de camas generales en los hospitales mexicanos se mantiene en 16 % y el uso de camas de terapia intensiva en 13 %.<\/p>\n\n\n\n<p>Respecto a las defunciones, Ciudad de M\u00e9xico, el foco de la pandemia, acumula cerca del 18 % de todos los decesos a nivel nacional.<\/p>\n\n\n\n<p>A partir de este lunes y hasta el 14 de diciembre, 27 de los 32 estados del pa\u00eds estar\u00e1n en sem\u00e1foro de riesgo epidemiol\u00f3gico en color verde (riesgo bajo de contagios) y cinco en color amarillo (riesgo medio), ninguno en naranja (riesgo alto) ni en rojo (m\u00e1ximo riesgo).<\/p>\n\n\n\n<p>Ante el reciente reconocimiento de \u00f3micron como una variante &#8220;de preocupaci\u00f3n&#8221; por parte de la Organizaci\u00f3n Mundial de la Salud (OMS), las autoridades sanitarias mexicanas indicaron que se encuentran actualizando protocolos de vigilancia gen\u00f3mica para la b\u00fasqueda intencionada de dicha variante.<\/p>\n\n\n\n<p>PLAN DE VACUNACI\u00d3N<\/p>\n\n\n\n<p>Las autoridades tambi\u00e9n indicaron que dentro del programa de vacunaci\u00f3n, que contempla a todos los mayores de 18 a\u00f1os, se han aplicado m\u00e1s de 132,3 millones de dosis, al sumar 211.396 durante la \u00faltima jornada.<\/p>\n\n\n\n<p>Hasta ahora, 76,6 millones de personas mayores de 18 a\u00f1os tienen al menos una dosis. Es decir, el 85 % del total de la poblaci\u00f3n mayor de edad.<\/p>\n\n\n\n<p>De ese total, el 85 % (64,92 millones) ha recibido el esquema completo.<\/p>\n\n\n\n<p>Desde finales de diciembre de 2020 han llegado a M\u00e9xico 174,64 millones de vacunas de diversas farmac\u00e9uticas, como las estadounidenses Pfizer, Johnson &amp; Johnson y Moderna, la brit\u00e1nica AstraZeneca, la rusa Sputnik V y las chinas CanSino y Sinovac.<\/p>\n\n\n\n<p>En los \u00faltimos d\u00edas, el pa\u00eds ha vacunando a menores de entre 12 y 17 a\u00f1os con comorbilidades y anunci\u00f3 recientemente que inmunizar\u00e1 a todos los adolescentes de entre 15 y 17 a\u00f1os.<\/p>\n\n\n\n<p>Este lunes, el Gobierno de la Ciudad de M\u00e9xico comenzar\u00e1 la vacunaci\u00f3n anticovid de unos 380.000 menores entre 15 y 17 a\u00f1os y sin comorbilidades, residentes de la capital mexicana. EFE<\/p>\n","protected":false},"excerpt":{"rendered":"<p>M\u00e9xico report\u00f3 38 nuevas muertes por la covid-19 en las \u00faltimas 24 horas, la tercera cifra m\u00e1s baja para un solo d\u00eda desde junio pasado, para llegar a 293.897 decesos, inform\u00f3 este domingo la Secretar\u00eda de Salud. El 1 y 14 de junio M\u00e9xico report\u00f3 33 y 37 decesos, respectivamente. Adem\u00e1s, las autoridades reportaron otros [&hellip;]<\/p>\n","protected":false},"author":80,"featured_media":193039,"comment_status":"closed","ping_status":"closed","sticky":false,"template":"","format":"standard","meta":{"footnotes":""},"categories":[2141,15,36],"tags":[],"class_list":["post-193038","post","type-post","status-publish","format-standard","has-post-thumbnail","hentry","category-covid-19","category-destacadas","category-nacion"],"_links":{"self":[{"href":"https:\/\/plazajuarez.mx\/historico\/wp-json\/wp\/v2\/posts\/193038","targetHints":{"allow":["GET"]}}],"collection":[{"href":"https:\/\/plazajuarez.mx\/historico\/wp-json\/wp\/v2\/posts"}],"about":[{"href":"https:\/\/plazajuarez.mx\/historico\/wp-json\/wp\/v2\/types\/post"}],"author":[{"embeddable":true,"href":"https:\/\/plazajuarez.mx\/historico\/wp-json\/wp\/v2\/users\/80"}],"replies":[{"embeddable":true,"href":"https:\/\/plazajuarez.mx\/historico\/wp-json\/wp\/v2\/comments?post=193038"}],"version-history":[{"count":0,"href":"https:\/\/plazajuarez.mx\/historico\/wp-json\/wp\/v2\/posts\/193038\/revisions"}],"wp:featuredmedia":[{"embeddable":true,"href":"https:\/\/plazajuarez.mx\/historico\/wp-json\/wp\/v2\/media\/193039"}],"wp:attachment":[{"href":"https:\/\/plazajuarez.mx\/historico\/wp-json\/wp\/v2\/media?parent=193038"}],"wp:term":[{"taxonomy":"category","embeddable":true,"href":"https:\/\/plazajuarez.mx\/historico\/wp-json\/wp\/v2\/categories?post=193038"},{"taxonomy":"post_tag","embeddable":true,"href":"https:\/\/plazajuarez.mx\/historico\/wp-json\/wp\/v2\/tags?post=193038"}],"curies":[{"name":"wp","href":"https:\/\/api.w.org\/{rel}","templated":true}]}}