{"id":193034,"date":"2021-11-28T15:58:55","date_gmt":"2021-11-28T21:58:55","guid":{"rendered":"https:\/\/plazajuarez.mx\/?p=193034"},"modified":"2021-11-28T15:59:00","modified_gmt":"2021-11-28T21:59:00","slug":"lealtad-e-institucionalidad-pide-omar-fayad","status":"publish","type":"post","link":"https:\/\/plazajuarez.mx\/historico\/lealtad-e-institucionalidad-pide-omar-fayad\/","title":{"rendered":"Lealtad e institucionalidad pide Omar Fayad"},"content":{"rendered":"\n<p>Pidi\u00f3 a los aspirantes del PRI a la candidatura a la gubernatura que mantengan el di\u00e1logo<\/p>\n\n\n\n<p>\u201cConstruyamos la unidad desde abajo, desde nuestra militancia, desde los seccionales y comit\u00e9s municipales. Hacemos la invitaci\u00f3n para que los aspirantes que se han inscrito a participar en el proceso interno y democr\u00e1tico del PRI para obtener la candidatura a la gubernatura, a mantener la institucionalidad, la lealtad y la unidad para obtener el triunfo electoral\u201d, exhort\u00f3 el gobernador de la entidad, Omar Fayad Meneses en calidad del \u201cprimer priista\u201d de Hidalgo.<\/p>\n\n\n\n<p>Fayad Meneses record\u00f3 cada una de las ocasiones en las que levant\u00f3 la mano para ser el candidato a la gubernatura de Hidalgo y c\u00f3mo le fueron cerradas las puertas desde los comit\u00e9s estatales en turno; sin embargo apunt\u00f3 que la lealtad al partido y al institucionalidad le hicieron participar con todo en las elecciones para que ganaran en su momento: Manuel \u00c1ngel N\u00fa\u00f1ez Soto, Miguel \u00c1ngel Osorio Chong y Francisco Olvera Ruiz.<\/p>\n\n\n\n<p>\u201cTuve que hacer lo necesario con lealtad e institucionalidad, asum\u00ed mi papel hist\u00f3rico que en ese momento no podr\u00eda representar la candidatura del PRI. Hoy a los aspirantes se los demandamos, que entre ellos haya di\u00e1logo y concertaci\u00f3n, que se construya la unidad, es momento de que todos los priistas les demandemos a los aspirantes a que sumen y construyan la unidad de nuestro instituto aunque solo uno o una de ellas llegar\u00e1 a la candidatura los dem\u00e1s tendr\u00e1n que sumarse con todas sus estructuras y con toda su gente, con su capital pol\u00edtico todos sumar\u00e1n y si vamos unidos, vamos a ganar\u201d, agreg\u00f3.<\/p>\n\n\n\n<p>Lo anterior, posterior a la toma de protesta estatutaria a la dirigencia del Comit\u00e9 Directivo Estatal del Partido Revolucionario Institucional (PRI) en Hidalgo que encabezar\u00e1 como presidente Julio Valera Piedras y como secretaria general Victoria Eugenia M\u00e9ndez M\u00e1rquez \u201cJenny M\u00e1rquez\u201d, a quienes dese\u00f3 el mejor de los \u00e9xitos y a los que les record\u00f3 que tienen la confianza y el respaldo de los priistas para hacer el mejor trabajo en los pr\u00f3ximos comicios.<\/p>\n","protected":false},"excerpt":{"rendered":"<p>Pidi\u00f3 a los aspirantes del PRI a la candidatura a la gubernatura que mantengan el di\u00e1logo \u201cConstruyamos la unidad desde abajo, desde nuestra militancia, desde los seccionales y comit\u00e9s municipales. Hacemos la invitaci\u00f3n para que los aspirantes que se han inscrito a participar en el proceso interno y democr\u00e1tico del PRI para obtener la candidatura [&hellip;]<\/p>\n","protected":false},"author":72,"featured_media":193035,"comment_status":"closed","ping_status":"closed","sticky":false,"template":"","format":"standard","meta":{"footnotes":""},"categories":[15,59,2159],"tags":[],"class_list":["post-193034","post","type-post","status-publish","format-standard","has-post-thumbnail","hentry","category-destacadas","category-general","category-noticias-de-hidalgo"],"_links":{"self":[{"href":"https:\/\/plazajuarez.mx\/historico\/wp-json\/wp\/v2\/posts\/193034","targetHints":{"allow":["GET"]}}],"collection":[{"href":"https:\/\/plazajuarez.mx\/historico\/wp-json\/wp\/v2\/posts"}],"about":[{"href":"https:\/\/plazajuarez.mx\/historico\/wp-json\/wp\/v2\/types\/post"}],"author":[{"embeddable":true,"href":"https:\/\/plazajuarez.mx\/historico\/wp-json\/wp\/v2\/users\/72"}],"replies":[{"embeddable":true,"href":"https:\/\/plazajuarez.mx\/historico\/wp-json\/wp\/v2\/comments?post=193034"}],"version-history":[{"count":0,"href":"https:\/\/plazajuarez.mx\/historico\/wp-json\/wp\/v2\/posts\/193034\/revisions"}],"wp:featuredmedia":[{"embeddable":true,"href":"https:\/\/plazajuarez.mx\/historico\/wp-json\/wp\/v2\/media\/193035"}],"wp:attachment":[{"href":"https:\/\/plazajuarez.mx\/historico\/wp-json\/wp\/v2\/media?parent=193034"}],"wp:term":[{"taxonomy":"category","embeddable":true,"href":"https:\/\/plazajuarez.mx\/historico\/wp-json\/wp\/v2\/categories?post=193034"},{"taxonomy":"post_tag","embeddable":true,"href":"https:\/\/plazajuarez.mx\/historico\/wp-json\/wp\/v2\/tags?post=193034"}],"curies":[{"name":"wp","href":"https:\/\/api.w.org\/{rel}","templated":true}]}}