{"id":192946,"date":"2021-11-28T07:43:43","date_gmt":"2021-11-28T13:43:43","guid":{"rendered":"https:\/\/plazajuarez.mx\/?p=192946"},"modified":"2021-11-28T07:43:53","modified_gmt":"2021-11-28T13:43:53","slug":"expone-castelan-agenda-que-propondra-para-presidir-la-cdheh","status":"publish","type":"post","link":"https:\/\/plazajuarez.mx\/historico\/expone-castelan-agenda-que-propondra-para-presidir-la-cdheh\/","title":{"rendered":"Expone Castel\u00e1n agenda que propondr\u00e1 para presidir la CDHEH"},"content":{"rendered":"\n<p class=\"wp-block-paragraph\">Rafael Castel\u00e1n, a cargo de la Direcci\u00f3n Ejecutiva de Servicios de Inclusi\u00f3n Integral y Derechos Humanos AC (Seiin AC),&nbsp;realiz\u00f3, de manera virtual, el foro ciudadano \u201cLa CDHEH que queremos\u201d. Esto con el fin de dar a conocer y hacer aportes a la Agenda y Plan de trabajo que propondr\u00e1 en su postulaci\u00f3n a la presidencia de este organismo, por lo que estuvieron presentes Organizaciones de la Sociedad Civil y personas defensoras.&nbsp;<\/p>\n\n\n\n<p class=\"wp-block-paragraph\">Castel\u00e1n present\u00f3 seis ejes: Primero las v\u00edctimas, Empat\u00eda con las vulnerabilidades y perspectiva de g\u00e9nero, Democratizar la Comisi\u00f3n de Derechos Humanos del Estado de Hidalgo (CDHEH), Quejas y recomendaciones expeditas con justicia restaurativa y con enfoque interseccional, Reorientaci\u00f3n del gasto transparencia y rendici\u00f3n de cuentas, y Profesionalizaci\u00f3n y especializaci\u00f3n de la CDHEH y dignificar el trabajo del personal de la misma.&nbsp;<\/p>\n\n\n\n<p class=\"wp-block-paragraph\">Se\u00f1al\u00f3 que la CDHEH no utiliza las herramientas de comunicaci\u00f3n social para posicionarse cuando surgen temas como la desaparici\u00f3n de 12 personas en Huichapan en el a\u00f1o 2018: \u201cno sabemos nada de la comisi\u00f3n cuando suceden este tipo de quejas\u201d. Agreg\u00f3 que cuando sucedi\u00f3 la explosi\u00f3n en Tlahuelilpan, la Comisi\u00f3n Nacional fue quien inici\u00f3 la queja y no la estatal.&nbsp;<\/p>\n\n\n\n<p class=\"wp-block-paragraph\">Finaliz\u00f3, invitando al acto simb\u00f3lico que har\u00e1 en la CDHEH el pr\u00f3ximo 29 de noviembre a las 12:00 en punto. Coment\u00f3 que dar\u00e1 un pronunciamiento para posteriormente llevar su registro al Congreso del Estado de Hidalgo.&nbsp;<\/p>\n","protected":false},"excerpt":{"rendered":"<p>Rafael Castel\u00e1n, a cargo de la Direcci\u00f3n Ejecutiva de Servicios de Inclusi\u00f3n Integral y Derechos Humanos AC (Seiin AC),&nbsp;realiz\u00f3, de manera virtual, el foro ciudadano \u201cLa CDHEH que queremos\u201d. Esto con el fin de dar a conocer y hacer aportes a la Agenda y Plan de trabajo que propondr\u00e1 en su postulaci\u00f3n a la presidencia [&hellip;]<\/p>\n","protected":false},"author":101,"featured_media":192958,"comment_status":"closed","ping_status":"closed","sticky":false,"template":"","format":"standard","meta":{"footnotes":""},"categories":[15,59],"tags":[],"class_list":["post-192946","post","type-post","status-publish","format-standard","has-post-thumbnail","hentry","category-destacadas","category-general"],"_links":{"self":[{"href":"https:\/\/plazajuarez.mx\/historico\/wp-json\/wp\/v2\/posts\/192946","targetHints":{"allow":["GET"]}}],"collection":[{"href":"https:\/\/plazajuarez.mx\/historico\/wp-json\/wp\/v2\/posts"}],"about":[{"href":"https:\/\/plazajuarez.mx\/historico\/wp-json\/wp\/v2\/types\/post"}],"author":[{"embeddable":true,"href":"https:\/\/plazajuarez.mx\/historico\/wp-json\/wp\/v2\/users\/101"}],"replies":[{"embeddable":true,"href":"https:\/\/plazajuarez.mx\/historico\/wp-json\/wp\/v2\/comments?post=192946"}],"version-history":[{"count":0,"href":"https:\/\/plazajuarez.mx\/historico\/wp-json\/wp\/v2\/posts\/192946\/revisions"}],"wp:featuredmedia":[{"embeddable":true,"href":"https:\/\/plazajuarez.mx\/historico\/wp-json\/wp\/v2\/media\/192958"}],"wp:attachment":[{"href":"https:\/\/plazajuarez.mx\/historico\/wp-json\/wp\/v2\/media?parent=192946"}],"wp:term":[{"taxonomy":"category","embeddable":true,"href":"https:\/\/plazajuarez.mx\/historico\/wp-json\/wp\/v2\/categories?post=192946"},{"taxonomy":"post_tag","embeddable":true,"href":"https:\/\/plazajuarez.mx\/historico\/wp-json\/wp\/v2\/tags?post=192946"}],"curies":[{"name":"wp","href":"https:\/\/api.w.org\/{rel}","templated":true}]}}