{"id":192944,"date":"2021-11-28T07:41:15","date_gmt":"2021-11-28T13:41:15","guid":{"rendered":"https:\/\/plazajuarez.mx\/?p=192944"},"modified":"2021-11-28T07:41:22","modified_gmt":"2021-11-28T13:41:22","slug":"pedazos-de-vida-101","status":"publish","type":"post","link":"https:\/\/plazajuarez.mx\/historico\/pedazos-de-vida-101\/","title":{"rendered":"PEDAZOS DE VIDA"},"content":{"rendered":"\n<h2 class=\"wp-block-heading\">Caminos y carreteras<\/h2>\n\n\n\n<p class=\"wp-block-paragraph\">Se hab\u00eda ido con el viento, la ciudad se hab\u00eda quedado atr\u00e1s y tambi\u00e9n una historia que quiz\u00e1 recordar\u00eda pero que por el momento se encontraba&nbsp; guardada como carta dentro de un sobre&nbsp; de color incertidumbre en la guantera y en cada espacio ocupado por el polvo del olvido, la carretera se hac\u00eda nada conforme avanzaba y all\u00e1 atr\u00e1s en el pueblo estaba una historia que continuaba justo en la bifurcaci\u00f3n donde ambos retomaron su camino.<\/p>\n\n\n\n<p class=\"wp-block-paragraph\">\u201cPueblo querido si me voy de ti es por jodido, si regreso es por pendejo\u201d, se escucha una canci\u00f3n que es apagada&nbsp; al momento. Rueda una l\u00e1grima que podr\u00eda ser de ilusi\u00f3n mezclada con arrepentimiento, misma que se camufla entre el sudor que el sol de la carretera al mediod\u00eda suele provocar.<\/p>\n\n\n\n<p class=\"wp-block-paragraph\">El polvo del camino a momentos se colaba por alg\u00fan lugar, en tanto algunos kil\u00f3metros atr\u00e1s&nbsp; la naturaleza muerta del paisaje daba se\u00f1ales de vida en tallos y zacates dorados que en su ra\u00edz manten\u00edan la esperanza de vida y la negaci\u00f3n a la muerte que tanto defienden los seres vivos.<\/p>\n\n\n\n<p class=\"wp-block-paragraph\">Las campanas de la iglesia callan al viento y activan la vida de muchos, mientras otros se dedican a tejer los sue\u00f1os que se elevan cual plegarias a los cielos esperando la respuesta de alguna nube en el d\u00eda o de las estrellas cuando cae el sol.<\/p>\n\n\n\n<p class=\"wp-block-paragraph\">Se hab\u00eda ido con el viento, la ciudad se hab\u00eda quedado atr\u00e1s con sus jardines, monumentos y luces confusas; entre burdeles y sem\u00e1foros, fuentes y edificios piramidales, ah\u00ed donde surgi\u00f3 el beso que marc\u00f3 el comienzo y la cuenta regresiva de la tragedia disfrazada de alegr\u00eda, con az\u00facar y un poco de sal.<\/p>\n\n\n\n<p class=\"wp-block-paragraph\">El paisaje cambia cada d\u00eda, ya no se esperan ni buscan la oportunidad, luchan contra sus deseos y se resignan a lo que dicta el destino, pero ambos saben que volver\u00e1 a ocurrir, no hoy ni ma\u00f1ana, pero s\u00ed antes de morir, saben&nbsp; suceder\u00e1; dos corazones palpitan arr\u00edtmicos, mantienen&nbsp; vivos dos cuerpos que esperan alg\u00fan d\u00eda haya sincronizaci\u00f3n, que el cielo se abra y una estrella caiga en se\u00f1al de que se ha cumplido la profec\u00eda, para entonces el auto ya estar\u00e1 muy lejos y ambos habr\u00e1n olvidado el camino.<\/p>\n\n\n\n<p class=\"wp-block-paragraph\">Ahora llueve, pero el cielo no es gris, las nubes reverencian la limpieza de la ciudad, el campo renace a la orilla de la carretera, y al fondo se escucha la canci\u00f3n que cantaron ambos antes de partir, la misma que por alguna raz\u00f3n dol\u00eda tanto; entonces cierra los ojos y no se cumple la promesa,&nbsp; tampoco est\u00e1 ah\u00ed; entonces mira hacia el camino y se encuentra completamente solo, toma un poco de aire y contin\u00faa su andar, en tanto all\u00e1 en la capital un carro espera el siga&nbsp; del sem\u00e1foro mientras la lluvia trae consigo los recuerdos que quisiera olvidar.<\/p>\n","protected":false},"excerpt":{"rendered":"<p>Caminos y carreteras Se hab\u00eda ido con el viento, la ciudad se hab\u00eda quedado atr\u00e1s y tambi\u00e9n una historia que quiz\u00e1 recordar\u00eda pero que por el momento se encontraba&nbsp; guardada como carta dentro de un sobre&nbsp; de color incertidumbre en la guantera y en cada espacio ocupado por el polvo del olvido, la carretera se [&hellip;]<\/p>\n","protected":false},"author":72,"featured_media":192956,"comment_status":"closed","ping_status":"closed","sticky":false,"template":"","format":"standard","meta":{"footnotes":""},"categories":[85],"tags":[],"class_list":["post-192944","post","type-post","status-publish","format-standard","has-post-thumbnail","hentry","category-relatos"],"_links":{"self":[{"href":"https:\/\/plazajuarez.mx\/historico\/wp-json\/wp\/v2\/posts\/192944","targetHints":{"allow":["GET"]}}],"collection":[{"href":"https:\/\/plazajuarez.mx\/historico\/wp-json\/wp\/v2\/posts"}],"about":[{"href":"https:\/\/plazajuarez.mx\/historico\/wp-json\/wp\/v2\/types\/post"}],"author":[{"embeddable":true,"href":"https:\/\/plazajuarez.mx\/historico\/wp-json\/wp\/v2\/users\/72"}],"replies":[{"embeddable":true,"href":"https:\/\/plazajuarez.mx\/historico\/wp-json\/wp\/v2\/comments?post=192944"}],"version-history":[{"count":0,"href":"https:\/\/plazajuarez.mx\/historico\/wp-json\/wp\/v2\/posts\/192944\/revisions"}],"wp:featuredmedia":[{"embeddable":true,"href":"https:\/\/plazajuarez.mx\/historico\/wp-json\/wp\/v2\/media\/192956"}],"wp:attachment":[{"href":"https:\/\/plazajuarez.mx\/historico\/wp-json\/wp\/v2\/media?parent=192944"}],"wp:term":[{"taxonomy":"category","embeddable":true,"href":"https:\/\/plazajuarez.mx\/historico\/wp-json\/wp\/v2\/categories?post=192944"},{"taxonomy":"post_tag","embeddable":true,"href":"https:\/\/plazajuarez.mx\/historico\/wp-json\/wp\/v2\/tags?post=192944"}],"curies":[{"name":"wp","href":"https:\/\/api.w.org\/{rel}","templated":true}]}}