{"id":192927,"date":"2021-11-27T13:26:29","date_gmt":"2021-11-27T19:26:29","guid":{"rendered":"https:\/\/plazajuarez.mx\/?p=192927"},"modified":"2021-11-27T13:26:38","modified_gmt":"2021-11-27T19:26:38","slug":"un-viernes-negro-con-pocos-compradores-en-centroamerica","status":"publish","type":"post","link":"https:\/\/plazajuarez.mx\/historico\/un-viernes-negro-con-pocos-compradores-en-centroamerica\/","title":{"rendered":"Un Viernes Negro con pocos compradores en Centroam\u00e9rica"},"content":{"rendered":"\n<p class=\"wp-block-paragraph\">(EFE) Llamativos carteles con ofertas de hasta 70 % en mercanc\u00eda seleccionada, visitantes en los centros comerciales pero pocos compradores en las tiendas marcaron a este Viernes Negro en Centroam\u00e9rica, donde a\u00fan se mantienen algunas medidas restrictivas por la pandemia.<\/p>\n\n\n\n<p class=\"wp-block-paragraph\">&#8220;Siempre hay gente que compra, solo que no en tanta cantidad, pero siempre hay alguien&#8221;, afirm\u00f3 a Efe la vendedora de una tienda de tel\u00e9fonos celulares en Albrook Mall, el centro comercial m\u00e1s grande de Panam\u00e1, situado en la capital.<\/p>\n\n\n\n<p class=\"wp-block-paragraph\">En los pasillos de Albrook Mall hab\u00eda gente caminando, con sus mascarillas puestas como medida preventiva contra la covid, pero en las tiendas los compradores no eran muchos, una imagen muy distinta a la de otros a\u00f1os, en los que incluso se activaba un operativo de tr\u00e1nsito ante la masiva asistencia a los centros comerciales.<\/p>\n\n\n\n<p class=\"wp-block-paragraph\">Panam\u00e1 vive una aguda crisis econ\u00f3mica derivada de la pandemia de la covid, con un desempleo que ronda actualmente el 14,5 % tras haber llegado al 18,5 % en el 2020.<\/p>\n\n\n\n<p class=\"wp-block-paragraph\">Jonathan Ems, un extranjero residente en Ecuador, dijo a Efe que vino a Panam\u00e1 con su familia para hacer algunas compras porque en el pa\u00eds andino &#8220;es muy caro&#8221;.<\/p>\n\n\n\n<p class=\"wp-block-paragraph\">Panam\u00e1 es un destino de compras para muchos residentes en pa\u00edses de Centro y Suram\u00e9rica. Es por ello que desde hace 5 a\u00f1os en octubre celebra el llamado &#8220;Panam\u00e1 Black Week&#8221;, una semana de s\u00faper ofertas comerciales.<\/p>\n\n\n\n<p class=\"wp-block-paragraph\">En Costa Rica, la jornada transcurri\u00f3 sin mayor afluencia de personas a los comercios, pero se espera que en el fin de semana se calienten las ventas, ya que en este pa\u00eds la mayor\u00eda de las tiendas implementan un &#8220;black weekend&#8221; e incluso un &#8220;black november&#8221; con promociones que van m\u00e1s all\u00e1 de un solo d\u00eda.<\/p>\n\n\n\n<p class=\"wp-block-paragraph\">La pandemia tambi\u00e9n ha obligado a las tiendas a adaptarse y a hacer de las ventas por internet uno de sus fuertes. Los comerciantes han dicho que esperan que las ventas superen a las del 2020, aunque no prev\u00e9n que sean superiores a los a\u00f1os previos.<\/p>\n\n\n\n<p class=\"wp-block-paragraph\">En Nicaragua, solo las grandes cadenas exhib\u00edan ofertas en los centros comerciales, donde hab\u00eda gente caminando y compradores con alguna que otra bolsa, mientras que en los mercados populares la concurrencia fue la habitual, como constat\u00f3 Efe.<\/p>\n\n\n\n<p class=\"wp-block-paragraph\">El Viernes Negro o Black Friday no tiene una repercusi\u00f3n amplia en el plano comercial en El Salvador, donde Efe constat\u00f3 una buena afluencia de personas caminando por los pasillos de centros comerciales mas no en las tiendas, ni tampoco en Guatemala.<\/p>\n\n\n\n<p class=\"wp-block-paragraph\">UN VIERNES NEGRO ANTESALA DE LAS ELECCIONES EN HONDURAS<\/p>\n\n\n\n<p class=\"wp-block-paragraph\">En Honduras, los grandes centros comerciales han pegado en sus escaparates carteles con rebajas pero las ventas han estado &#8220;bajas&#8221;, como le dijo a Efe el vendedor de una tienda de electrodom\u00e9sticos.<\/p>\n\n\n\n<p class=\"wp-block-paragraph\">En Tegucigalpa, seg\u00fan constat\u00f3 Efe, algunos supermercados registran largas filas y los clientes se aglomeran en las tiendas con el objetivo de hacer una compra superior a la normal para llenar la despensa, debido en parte, seg\u00fan diversas fuentes, a la incertidumbre electoral que vive el pa\u00eds a dos d\u00edas de las elecciones generales del domingo.<\/p>\n\n\n\n<p class=\"wp-block-paragraph\">&#8220;Es mejor estar preparados, no sabemos qu\u00e9 va a pasar despu\u00e9s de las elecciones del domingo&#8221;, dijo a Efe Carmen Salinas, quien realiz\u00f3 una extensa fila para ingresar a un supermercado al sur de la capital hondure\u00f1a.<\/p>\n\n\n\n<p class=\"wp-block-paragraph\">En las elecciones del domingo, m\u00e1s de 5 millones de hondure\u00f1os est\u00e1n convocados a las urnas para elegir al sucesor de Juan Orlando Hern\u00e1ndez, quien fue reelegido en los comicios de 2017, en los que la oposici\u00f3n alega que hubo &#8220;fraude&#8221;.<\/p>\n","protected":false},"excerpt":{"rendered":"<p>(EFE) Llamativos carteles con ofertas de hasta 70 % en mercanc\u00eda seleccionada, visitantes en los centros comerciales pero pocos compradores en las tiendas marcaron a este Viernes Negro en Centroam\u00e9rica, donde a\u00fan se mantienen algunas medidas restrictivas por la pandemia. &#8220;Siempre hay gente que compra, solo que no en tanta cantidad, pero siempre hay alguien&#8221;, [&hellip;]<\/p>\n","protected":false},"author":80,"featured_media":192930,"comment_status":"closed","ping_status":"closed","sticky":false,"template":"","format":"standard","meta":{"footnotes":""},"categories":[31],"tags":[],"class_list":["post-192927","post","type-post","status-publish","format-standard","has-post-thumbnail","hentry","category-orbe"],"_links":{"self":[{"href":"https:\/\/plazajuarez.mx\/historico\/wp-json\/wp\/v2\/posts\/192927","targetHints":{"allow":["GET"]}}],"collection":[{"href":"https:\/\/plazajuarez.mx\/historico\/wp-json\/wp\/v2\/posts"}],"about":[{"href":"https:\/\/plazajuarez.mx\/historico\/wp-json\/wp\/v2\/types\/post"}],"author":[{"embeddable":true,"href":"https:\/\/plazajuarez.mx\/historico\/wp-json\/wp\/v2\/users\/80"}],"replies":[{"embeddable":true,"href":"https:\/\/plazajuarez.mx\/historico\/wp-json\/wp\/v2\/comments?post=192927"}],"version-history":[{"count":0,"href":"https:\/\/plazajuarez.mx\/historico\/wp-json\/wp\/v2\/posts\/192927\/revisions"}],"wp:featuredmedia":[{"embeddable":true,"href":"https:\/\/plazajuarez.mx\/historico\/wp-json\/wp\/v2\/media\/192930"}],"wp:attachment":[{"href":"https:\/\/plazajuarez.mx\/historico\/wp-json\/wp\/v2\/media?parent=192927"}],"wp:term":[{"taxonomy":"category","embeddable":true,"href":"https:\/\/plazajuarez.mx\/historico\/wp-json\/wp\/v2\/categories?post=192927"},{"taxonomy":"post_tag","embeddable":true,"href":"https:\/\/plazajuarez.mx\/historico\/wp-json\/wp\/v2\/tags?post=192927"}],"curies":[{"name":"wp","href":"https:\/\/api.w.org\/{rel}","templated":true}]}}