{"id":192276,"date":"2021-11-24T06:56:55","date_gmt":"2021-11-24T12:56:55","guid":{"rendered":"https:\/\/plazajuarez.mx\/?p=192276"},"modified":"2021-11-24T06:57:09","modified_gmt":"2021-11-24T12:57:09","slug":"alfil-negro-2206","status":"publish","type":"post","link":"https:\/\/plazajuarez.mx\/historico\/alfil-negro-2206\/","title":{"rendered":"ALFIL NEGRO"},"content":{"rendered":"\n<p class=\"wp-block-paragraph\"><\/p>\n\n\n\n<h2 class=\"wp-block-heading\"><strong>YA CANSAN<\/strong><\/h2>\n\n\n\n<p class=\"wp-block-paragraph\"><\/p>\n\n\n\n<p class=\"wp-block-paragraph\">La divisi\u00f3n en el pa\u00eds es evidente y clara, con aumento de la misma desde las tribunas m\u00e1s altas de la Naci\u00f3n que se\u00f1alan, acusan, condenan y destruyen la cohesi\u00f3n social y con ello la posibilidad de avanzar en la democracia y en la soluci\u00f3n de problemas, que esperan en vano respuestas de quienes tienen la obligaci\u00f3n por los cargos que tienen, de encabezar la respuesta de los mismos.<\/p>\n\n\n\n<p class=\"wp-block-paragraph\">Estamos divididos en dos bandos muy claros: los buenos que son los que gobiernan, porque ellos lo dicen, y los malos que son los que no gobiernan ni deciden, porque su poder&nbsp; pol\u00edtico est\u00e1 muy mermado, tanto que ya en los hechos pueden tener la raz\u00f3n, pero no la fuerza para ganar y hacer valer sus apuestas.<\/p>\n\n\n\n<p class=\"wp-block-paragraph\">No hay en este momento una voz que convoque a la unidad, a caminar juntos, a tener en los hechos preocupaci\u00f3n real por los de enfrente y trabajar para el bien de la comunidad.<\/p>\n\n\n\n<p class=\"wp-block-paragraph\">Lo que se ve es una actitud de descalificaci\u00f3n como primer argumento contra los que no tienen el mismo uniforme y piensan distinto, una intolerancia que pretende ser voz de condena contra los que ayer fueron el poder y de eso no hace mucho, con una afirmaci\u00f3n acusatoria de corrupci\u00f3n, que se repite miles de veces y que ya en lo que se ve sigue no s\u00f3lo viva sino creciendo, con el c\u00e1ntico que cansa y harta de que no son iguales.<\/p>\n\n\n\n<p class=\"wp-block-paragraph\">Lo peor de todo es que se ve un futuro nada bueno en muchos de los valores de nuestra naci\u00f3n y que empieza a provocar temor en muchos, que sienten ya los signos de tiempos dif\u00edciles, y no se ve quien o quienes pueden equilibrar las cosas.<\/p>\n\n\n\n<p class=\"wp-block-paragraph\">Ver que estamos enfrentados no cuesta mucho, basta con ver las redes sociales para sentir c\u00f3mo el odio y el rencor de un lado y del otro dejan mucha gente lastimada, y no necesariamente con opiniones de ciudadanos que manifiestan una posici\u00f3n sobre los hechos, sino de gente contratada para defender a un grupo o a otro.<\/p>\n\n\n\n<p class=\"wp-block-paragraph\">Urge una voz que convoque a la unidad, a pensar sin odio en el futuro de la patria, porque este barco est\u00e1 en momentos dif\u00edciles.<\/p>\n\n\n\n<p class=\"wp-block-paragraph\"><strong>Y en ese barco vamos todos.<\/strong><\/p>\n","protected":false},"excerpt":{"rendered":"<p>YA CANSAN La divisi\u00f3n en el pa\u00eds es evidente y clara, con aumento de la misma desde las tribunas m\u00e1s altas de la Naci\u00f3n que se\u00f1alan, acusan, condenan y destruyen la cohesi\u00f3n social y con ello la posibilidad de avanzar en la democracia y en la soluci\u00f3n de problemas, que esperan en vano respuestas de [&hellip;]<\/p>\n","protected":false},"author":83,"featured_media":0,"comment_status":"closed","ping_status":"closed","sticky":false,"template":"","format":"standard","meta":{"footnotes":""},"categories":[48,42],"tags":[],"class_list":["post-192276","post","type-post","status-publish","format-standard","hentry","category-adalberto-peralta","category-nuestrapalabra"],"_links":{"self":[{"href":"https:\/\/plazajuarez.mx\/historico\/wp-json\/wp\/v2\/posts\/192276","targetHints":{"allow":["GET"]}}],"collection":[{"href":"https:\/\/plazajuarez.mx\/historico\/wp-json\/wp\/v2\/posts"}],"about":[{"href":"https:\/\/plazajuarez.mx\/historico\/wp-json\/wp\/v2\/types\/post"}],"author":[{"embeddable":true,"href":"https:\/\/plazajuarez.mx\/historico\/wp-json\/wp\/v2\/users\/83"}],"replies":[{"embeddable":true,"href":"https:\/\/plazajuarez.mx\/historico\/wp-json\/wp\/v2\/comments?post=192276"}],"version-history":[{"count":0,"href":"https:\/\/plazajuarez.mx\/historico\/wp-json\/wp\/v2\/posts\/192276\/revisions"}],"wp:attachment":[{"href":"https:\/\/plazajuarez.mx\/historico\/wp-json\/wp\/v2\/media?parent=192276"}],"wp:term":[{"taxonomy":"category","embeddable":true,"href":"https:\/\/plazajuarez.mx\/historico\/wp-json\/wp\/v2\/categories?post=192276"},{"taxonomy":"post_tag","embeddable":true,"href":"https:\/\/plazajuarez.mx\/historico\/wp-json\/wp\/v2\/tags?post=192276"}],"curies":[{"name":"wp","href":"https:\/\/api.w.org\/{rel}","templated":true}]}}