{"id":192265,"date":"2021-11-23T19:25:51","date_gmt":"2021-11-24T01:25:51","guid":{"rendered":"https:\/\/plazajuarez.mx\/?p=192265"},"modified":"2021-11-24T06:44:23","modified_gmt":"2021-11-24T12:44:23","slug":"regresaran-de-manera-paulatina-a-clases-presenciales","status":"publish","type":"post","link":"https:\/\/plazajuarez.mx\/historico\/regresaran-de-manera-paulatina-a-clases-presenciales\/","title":{"rendered":"Regresar\u00e1n de manera paulatina a clases presenciales"},"content":{"rendered":"\n<p class=\"wp-block-paragraph\">Despu\u00e9s de 18 meses de clases virtuales debido a la contingencia sanitaria provocada por el Covid-19 la Escuela de M\u00fasica del Estado de Hidalgo (EMEH) anunci\u00f3 el regreso paulatino a las aulas lo anterior,&nbsp; derivado del reciente anuncio federal que se emiti\u00f3 en torno al regreso a clases.<\/p>\n\n\n\n<p class=\"wp-block-paragraph\">Por su parte las autoridades educativas se\u00f1alaron que se realizar\u00e1n actividades presenciales para que el alumnado regrese de manera \u201cespaciosa y segura\u201d a la escuela. Destacaron que el regreso paulatino se dar\u00e1 el pr\u00f3ximo a\u00f1o, debido a que el cuatrimestre septiembre-diciembre est\u00e1 a punto de concluir. Por lo que, en lo que resta de este 2021, se llevar\u00e1n a cabo \u00fanicamente actividades que promuevan la convivencia entre la comunidad estudiantil.<\/p>\n\n\n\n<p class=\"wp-block-paragraph\">De igual forma destacaron que el regreso a clases de manera presencial, despu\u00e9s de 18 meses de mantener los planteles ser\u00e1 el resultado de un gran esfuerzo colectivo, por lo que se trabaja en el acondicionamiento de&nbsp; los espacios f\u00edsicos para que progresivamente haya un regreso seguro. Adem\u00e1s reconocieron el esfuerzo que durante la pandemia desarrollaron docentes, alumnos, madres y padres de familia, as\u00ed como personal administrativo de la EMEH.<\/p>\n\n\n\n<p class=\"wp-block-paragraph\">Actualmente, la Escuela de M\u00fasica del Estado de Hidalgo imparte clases a 313 alumnos, de las \u00e1reas de: Estimulaci\u00f3n temprana, cursos de extensi\u00f3n sabatinos y entre semana, Proped\u00e9utico en Artes m\u00e1s Preparatoria, Proped\u00e9utico a un a\u00f1o para la Licenciatura en M\u00fasica, Ingenier\u00eda en Audio, Maestr\u00eda en Composici\u00f3n de M\u00fasica para Cinematograf\u00eda.<\/p>\n","protected":false},"excerpt":{"rendered":"<p>Despu\u00e9s de 18 meses de clases virtuales debido a la contingencia sanitaria provocada por el Covid-19 la Escuela de M\u00fasica del Estado de Hidalgo (EMEH) anunci\u00f3 el regreso paulatino a las aulas lo anterior,&nbsp; derivado del reciente anuncio federal que se emiti\u00f3 en torno al regreso a clases. Por su parte las autoridades educativas se\u00f1alaron [&hellip;]<\/p>\n","protected":false},"author":72,"featured_media":192266,"comment_status":"closed","ping_status":"closed","sticky":false,"template":"","format":"standard","meta":{"footnotes":""},"categories":[15,59,2159],"tags":[],"class_list":["post-192265","post","type-post","status-publish","format-standard","has-post-thumbnail","hentry","category-destacadas","category-general","category-noticias-de-hidalgo"],"_links":{"self":[{"href":"https:\/\/plazajuarez.mx\/historico\/wp-json\/wp\/v2\/posts\/192265","targetHints":{"allow":["GET"]}}],"collection":[{"href":"https:\/\/plazajuarez.mx\/historico\/wp-json\/wp\/v2\/posts"}],"about":[{"href":"https:\/\/plazajuarez.mx\/historico\/wp-json\/wp\/v2\/types\/post"}],"author":[{"embeddable":true,"href":"https:\/\/plazajuarez.mx\/historico\/wp-json\/wp\/v2\/users\/72"}],"replies":[{"embeddable":true,"href":"https:\/\/plazajuarez.mx\/historico\/wp-json\/wp\/v2\/comments?post=192265"}],"version-history":[{"count":0,"href":"https:\/\/plazajuarez.mx\/historico\/wp-json\/wp\/v2\/posts\/192265\/revisions"}],"wp:featuredmedia":[{"embeddable":true,"href":"https:\/\/plazajuarez.mx\/historico\/wp-json\/wp\/v2\/media\/192266"}],"wp:attachment":[{"href":"https:\/\/plazajuarez.mx\/historico\/wp-json\/wp\/v2\/media?parent=192265"}],"wp:term":[{"taxonomy":"category","embeddable":true,"href":"https:\/\/plazajuarez.mx\/historico\/wp-json\/wp\/v2\/categories?post=192265"},{"taxonomy":"post_tag","embeddable":true,"href":"https:\/\/plazajuarez.mx\/historico\/wp-json\/wp\/v2\/tags?post=192265"}],"curies":[{"name":"wp","href":"https:\/\/api.w.org\/{rel}","templated":true}]}}