{"id":192253,"date":"2021-11-23T19:01:50","date_gmt":"2021-11-24T01:01:50","guid":{"rendered":"https:\/\/plazajuarez.mx\/?p=192253"},"modified":"2021-11-23T19:01:59","modified_gmt":"2021-11-24T01:01:59","slug":"senado-elige-a-loretta-ortiz-ahlf-como-nueva-ministra-de-la-scjn","status":"publish","type":"post","link":"https:\/\/plazajuarez.mx\/historico\/senado-elige-a-loretta-ortiz-ahlf-como-nueva-ministra-de-la-scjn\/","title":{"rendered":"Senado elige a Loretta Ortiz Ahlf como nueva ministra de la SCJN"},"content":{"rendered":"\n<p class=\"wp-block-paragraph\">El Senado de la Rep\u00fablica eligi\u00f3 a Loretta Ortiz Ahlf como nueva ministra de la Suprema Corte de Justicia de la Naci\u00f3n, para ocupar el cargo que dejar\u00e1 a mediados de diciembre el ministro Fernando Franco Gonz\u00e1lez Salas.<\/p>\n\n\n\n<p class=\"wp-block-paragraph\">Loretta Ortiz fue una de las tres personas que ocuparon la terna propuesta por el presidente Andr\u00e9s Manuel L\u00f3pez Obrador, junto a Bernardo Ba\u0301tiz Va\u0301zquez, Eva Vero\u0301nica de Gyve\u0301s Za\u0301rate.<\/p>\n\n\n\n<p class=\"wp-block-paragraph\">Comisi\u00f3n de Justicia, que preside Julio Menchaca Salazar.<\/p>\n\n\n\n<p class=\"wp-block-paragraph\">El senador por Hidalgo destac\u00f3 que las personas integrantes de la terna comparecieron para responder preguntas hechas por senadores y senadoras tanto de la Comisi\u00f3n de Justicia como de otros integrantes del Senado, quienes compartieron sus inquietudes con respecto a la impartici\u00f3n de justicia federal.<\/p>\n\n\n\n<p class=\"wp-block-paragraph\">Adem\u00e1s, Julio Menchaca lament\u00f3 que legisladoras y legisladores de otros partidos pol\u00edticos busquen confundir la opini\u00f3n de las y los mexicanos. \u201cEn el Senado de la Rep\u00fablica nos hemos esforzado por cumplir con lo que dice la Constituci\u00f3n. Algunos podr\u00e1n no estar de acuerdo, pero precisamente nuestro trabajo consiste en hacer las modificaciones a la ley que la sociedad exige. Pero hacer una cr\u00edtica que solamente destruye y merma la confianza de la ciudadan\u00eda en las instituciones s\u00f3lo contribuye a un ambiente de crispaci\u00f3n\u201d, manifest\u00f3.<\/p>\n\n\n\n<p class=\"wp-block-paragraph\">Menchaca Salazar agreg\u00f3 que como senadoras y senadores est\u00e1n ejerciendo su derecho a tomar decisiones, y la terna que mand\u00f3 el presidente, que se ha hecho con apoyo en la Constituci\u00f3n, es absolutamente leg\u00edtima.<\/p>\n\n\n\n<p class=\"wp-block-paragraph\">\u201cNo se vale estar poniendo en duda la trayectoria de abogadas y de abogado que en el transcurso del tiempo han ejercido su trabajo con dignidad y con integridad\u201d, manifest\u00f3.<\/p>\n\n\n\n<p class=\"wp-block-paragraph\">Sobre la transparencia del proceso, el hidalguense afirm\u00f3 que este ejercicio fue producto tambi\u00e9n de un parlamento abierto porque fue transmitido por el canal del Congreso, se usaron las redes sociales del Senado de la Rep\u00fablica, se recibieron inquietudes de particulares, y finalmente, una discusi\u00f3n en donde se aprob\u00f3 este dictamen por mayor\u00eda.<\/p>\n\n\n\n<p class=\"wp-block-paragraph\">Menchaca Salazar destac\u00f3 que se trata de un tema toral, que es el reclamo de las y los mexicanos es la impartici\u00f3n de justicia.<\/p>\n\n\n\n<p class=\"wp-block-paragraph\">\u201cEsta renovaci\u00f3n de la corte implica tambi\u00e9n una renovaci\u00f3n de actitudes, de compromiso de trabajo y de un compromiso profundo con la justicia en M\u00e9xico\u201d, finaliz\u00f3.<\/p>\n","protected":false},"excerpt":{"rendered":"<p>El Senado de la Rep\u00fablica eligi\u00f3 a Loretta Ortiz Ahlf como nueva ministra de la Suprema Corte de Justicia de la Naci\u00f3n, para ocupar el cargo que dejar\u00e1 a mediados de diciembre el ministro Fernando Franco Gonz\u00e1lez Salas. Loretta Ortiz fue una de las tres personas que ocuparon la terna propuesta por el presidente Andr\u00e9s [&hellip;]<\/p>\n","protected":false},"author":93,"featured_media":192257,"comment_status":"closed","ping_status":"closed","sticky":false,"template":"","format":"standard","meta":{"footnotes":""},"categories":[15,36],"tags":[],"class_list":["post-192253","post","type-post","status-publish","format-standard","has-post-thumbnail","hentry","category-destacadas","category-nacion"],"_links":{"self":[{"href":"https:\/\/plazajuarez.mx\/historico\/wp-json\/wp\/v2\/posts\/192253","targetHints":{"allow":["GET"]}}],"collection":[{"href":"https:\/\/plazajuarez.mx\/historico\/wp-json\/wp\/v2\/posts"}],"about":[{"href":"https:\/\/plazajuarez.mx\/historico\/wp-json\/wp\/v2\/types\/post"}],"author":[{"embeddable":true,"href":"https:\/\/plazajuarez.mx\/historico\/wp-json\/wp\/v2\/users\/93"}],"replies":[{"embeddable":true,"href":"https:\/\/plazajuarez.mx\/historico\/wp-json\/wp\/v2\/comments?post=192253"}],"version-history":[{"count":0,"href":"https:\/\/plazajuarez.mx\/historico\/wp-json\/wp\/v2\/posts\/192253\/revisions"}],"wp:featuredmedia":[{"embeddable":true,"href":"https:\/\/plazajuarez.mx\/historico\/wp-json\/wp\/v2\/media\/192257"}],"wp:attachment":[{"href":"https:\/\/plazajuarez.mx\/historico\/wp-json\/wp\/v2\/media?parent=192253"}],"wp:term":[{"taxonomy":"category","embeddable":true,"href":"https:\/\/plazajuarez.mx\/historico\/wp-json\/wp\/v2\/categories?post=192253"},{"taxonomy":"post_tag","embeddable":true,"href":"https:\/\/plazajuarez.mx\/historico\/wp-json\/wp\/v2\/tags?post=192253"}],"curies":[{"name":"wp","href":"https:\/\/api.w.org\/{rel}","templated":true}]}}