{"id":192246,"date":"2021-11-23T18:22:30","date_gmt":"2021-11-24T00:22:30","guid":{"rendered":"https:\/\/plazajuarez.mx\/?p=192246"},"modified":"2021-11-23T19:45:53","modified_gmt":"2021-11-24T01:45:53","slug":"obrador-retira-candidatura-de-herrera-a-gobernador-del-banco-de-mexico","status":"publish","type":"post","link":"https:\/\/plazajuarez.mx\/historico\/obrador-retira-candidatura-de-herrera-a-gobernador-del-banco-de-mexico\/","title":{"rendered":"Obrador retira candidatura de Herrera a gobernador del Banco de M\u00e9xico"},"content":{"rendered":"\n<p class=\"wp-block-paragraph\">(EFE) El Gobierno de Andr\u00e9s Manuel L\u00f3pez Obrador retir\u00f3 en agosto pasado sin explicaci\u00f3n la propuesta que hab\u00eda enviado al Senado para nombrar al exsecretario de Hacienda Arturo Herrera como nuevo gobernador del Banco de M\u00e9xico, inform\u00f3 este martes el senador oficialista Ricardo Monreal.<\/p>\n\n\n\n<p class=\"wp-block-paragraph\">&#8220;Desde agosto la oficina del Ejecutivo retir\u00f3 el nombramiento y nosotros no hacemos otra cosa sino aceptar la decisi\u00f3n&#8221;, explic\u00f3 ante la prensa Monreal, l\u00edder en la C\u00e1mara Alta del Movimiento Regeneraci\u00f3n Nacional (Morena) de L\u00f3pez Obrador.<\/p>\n\n\n\n<p class=\"wp-block-paragraph\">El senador explic\u00f3 que el Gobierno no dio ninguna explicaci\u00f3n por esta decisi\u00f3n y record\u00f3 que el 31 de diciembre concluye el mandato del actual gobernador del banco central mexicano, Alejandro D\u00edaz de Le\u00f3n, por lo que &#8220;el 1 de enero debe haber un nuevo gobernador&#8221;.<\/p>\n\n\n\n<p class=\"wp-block-paragraph\">&#8220;El Ejecutivo seguramente en los pr\u00f3ximos d\u00edas enviar\u00e1, o el mismo nombre u otro nombre, es una facultad de \u00e9l y la facultad exclusiva del Senado es ratificar o no&#8221;, explic\u00f3.<\/p>\n\n\n\n<p class=\"wp-block-paragraph\">El pasado 9 de junio, despu\u00e9s de las elecciones intermedias, L\u00f3pez Obrador anunci\u00f3 la salida del Gobierno de Herrera, secretario de Hacienda desde 2019, para postularlo como gobernador del Banco de M\u00e9xico.<\/p>\n\n\n\n<p class=\"wp-block-paragraph\">Herrera fue sustituido d\u00edas despu\u00e9s por el economista y asesor Rogelio Ram\u00edrez de la O al frente de la Secretar\u00eda de Hacienda.<\/p>\n\n\n\n<p class=\"wp-block-paragraph\">La postulaci\u00f3n de Herrera, quien tiene buena relaci\u00f3n con el sector empresarial, tranquiliz\u00f3 al sector privado luego de la inquietud que gener\u00f3 L\u00f3pez Obrador al anunciar que propondr\u00eda a un &#8220;economista con dimensi\u00f3n social&#8221;.<\/p>\n\n\n\n<p class=\"wp-block-paragraph\">Herrera fue el encargado de consolidar el plan de austeridad encargado por L\u00f3pez Obrador, con recortes en fideicomisos de ciencia, medioambiente, cultura y salud, as\u00ed como de evitar el endeudamiento del pa\u00eds a toda costa.<\/p>\n\n\n\n<p class=\"wp-block-paragraph\">Herrera, quien actualmente imparte clases en el Colegio de M\u00e9xico, dijo que al dejar el Gobierno que afront\u00f3 &#8220;la crisis econ\u00f3mica m\u00e1s severa desde la Gran Depresi\u00f3n&#8221; mitigando los efectos a los &#8220;m\u00e1s vulnerables&#8221; y cuidando &#8220;los equilibrios macroecon\u00f3micos&#8221;.<\/p>\n\n\n\n<p class=\"wp-block-paragraph\">M\u00e9xico cerr\u00f3 2020 con una ca\u00edda hist\u00f3rica de la econom\u00eda del 8,2 %, mientras que el Gobierno solo destin\u00f3 el 0,7 % del producto interior bruto (PIB) para afrontar la crisis econ\u00f3mica de la pandemia de covid-19, seg\u00fan el Fondo Monetario Internacional (FMI).<\/p>\n","protected":false},"excerpt":{"rendered":"<p>(EFE) El Gobierno de Andr\u00e9s Manuel L\u00f3pez Obrador retir\u00f3 en agosto pasado sin explicaci\u00f3n la propuesta que hab\u00eda enviado al Senado para nombrar al exsecretario de Hacienda Arturo Herrera como nuevo gobernador del Banco de M\u00e9xico, inform\u00f3 este martes el senador oficialista Ricardo Monreal. &#8220;Desde agosto la oficina del Ejecutivo retir\u00f3 el nombramiento y nosotros [&hellip;]<\/p>\n","protected":false},"author":93,"featured_media":192248,"comment_status":"closed","ping_status":"closed","sticky":false,"template":"","format":"standard","meta":{"footnotes":""},"categories":[15,36],"tags":[],"class_list":["post-192246","post","type-post","status-publish","format-standard","has-post-thumbnail","hentry","category-destacadas","category-nacion"],"_links":{"self":[{"href":"https:\/\/plazajuarez.mx\/historico\/wp-json\/wp\/v2\/posts\/192246","targetHints":{"allow":["GET"]}}],"collection":[{"href":"https:\/\/plazajuarez.mx\/historico\/wp-json\/wp\/v2\/posts"}],"about":[{"href":"https:\/\/plazajuarez.mx\/historico\/wp-json\/wp\/v2\/types\/post"}],"author":[{"embeddable":true,"href":"https:\/\/plazajuarez.mx\/historico\/wp-json\/wp\/v2\/users\/93"}],"replies":[{"embeddable":true,"href":"https:\/\/plazajuarez.mx\/historico\/wp-json\/wp\/v2\/comments?post=192246"}],"version-history":[{"count":0,"href":"https:\/\/plazajuarez.mx\/historico\/wp-json\/wp\/v2\/posts\/192246\/revisions"}],"wp:featuredmedia":[{"embeddable":true,"href":"https:\/\/plazajuarez.mx\/historico\/wp-json\/wp\/v2\/media\/192248"}],"wp:attachment":[{"href":"https:\/\/plazajuarez.mx\/historico\/wp-json\/wp\/v2\/media?parent=192246"}],"wp:term":[{"taxonomy":"category","embeddable":true,"href":"https:\/\/plazajuarez.mx\/historico\/wp-json\/wp\/v2\/categories?post=192246"},{"taxonomy":"post_tag","embeddable":true,"href":"https:\/\/plazajuarez.mx\/historico\/wp-json\/wp\/v2\/tags?post=192246"}],"curies":[{"name":"wp","href":"https:\/\/api.w.org\/{rel}","templated":true}]}}