{"id":192171,"date":"2021-11-23T18:58:09","date_gmt":"2021-11-24T00:58:09","guid":{"rendered":"https:\/\/plazajuarez.mx\/?p=192171"},"modified":"2021-11-23T23:25:15","modified_gmt":"2021-11-24T05:25:15","slug":"en-vivo-comparece-ante-el-congreso-secretaria-de-desarrollo-economico","status":"publish","type":"post","link":"https:\/\/plazajuarez.mx\/historico\/en-vivo-comparece-ante-el-congreso-secretaria-de-desarrollo-economico\/","title":{"rendered":"\u201cM\u00e1s de 4 mil 595 j\u00f3venes han sido beneficiados con Mi Primer Empleo, Mi Primer Salario\u201d Sergio Vargas"},"content":{"rendered":"\n<p class=\"wp-block-paragraph\">Hoy, Sergio Vargas, titular de la Secretar\u00eda de Desarrollo Econ\u00f3mico (SEDECO) compareci\u00f3 ante la 65 Legislatura del Congreso del estado y fue cuestionado por 17 diputados; esto como parte de la glosa del quinto informe de gobierno del gobernador de Hidalgo, el Licenciado Omar Fayad.\u00a0<\/p>\n\n\n\n<p class=\"wp-block-paragraph\">Expres\u00f3, luego de ser cuestionado por el diputado Timoteo L\u00f3pez, que m\u00e1s de 4 mil 595 j\u00f3venes han sido beneficiados con el programa de &#8220;Mi Primer Empleo, Mi Primer Salario&#8221; y agreg\u00f3 que se tiene un gasto autorizado para otorgar mil becas todos los a\u00f1os por 24 millones de pesos \u201ca la fecha se ha derogado poco m\u00e1s de cien millones de pesos en este programa para tener una cobertura del cien por ciento en todos los municipios\u201d.&nbsp;<\/p>\n\n\n\n<p class=\"wp-block-paragraph\">Precis\u00f3 que el 50 por ciento de estos beneficiarios ya est\u00e1n trabajando de manera formal en una empresa y el 65 por ciento de los beneficiarios son mujeres.&nbsp;<\/p>\n\n\n\n<p class=\"wp-block-paragraph\">La entrega del informe se hizo a las 11:39 y posterior a ello comenz\u00f3 su intervenci\u00f3n situ\u00e1ndose cinco a\u00f1os atr\u00e1s, en el a\u00f1o 2016, d\u00f3nde se\u00f1al\u00f3 que el estado se encontraba en una trampa de pobreza, y los j\u00f3venes sal\u00edan del estado en busca de mejores oportunidades pues no se les ofrec\u00eda en el estado, ocasionado que la inversi\u00f3n que hac\u00edan en sus estudios se quedar\u00e1 capitalizada en los estados vecinos como Quer\u00e9taro y la Ciudad de M\u00e9xico.<\/p>\n\n\n\n<p class=\"wp-block-paragraph\">Por lo mismo, se\u00f1al\u00f3 que desde el d\u00eda uno de la administraci\u00f3n recibi\u00f3 la orden de generar estrategias para generar una mejor calidad de vida, siendo &#8220;Mi primer Empleo, mi primer salario&#8221; uno de los programas para lograrlo<\/p>\n\n\n\n<p class=\"wp-block-paragraph\">Detall\u00f3 que se dise\u00f1\u00f3 una estrategia basada en cuatro pilares que siguen implementado: el primero fue crear un ambiente de negocios para la inversi\u00f3n; por esa raz\u00f3n se construy\u00f3 un marco jur\u00eddico y regulatorio que generar\u00e1 confianza en los empresarios; el segundo fue fortalecer la actividad econ\u00f3mica existente; por lo que se logr\u00f3 entregar m\u00e1s de 2 mil 176 financiamientos por m\u00e1s 964 millones de pesos en 76 municipios.&nbsp;<\/p>\n\n\n\n<p class=\"wp-block-paragraph\">El tercero fue fomentar nuevas inversiones, locales, nacionales y extranjeras: logrando atraer 68 proyectos con una inversi\u00f3n de m\u00e1s de 64.8 mil millones de pesos; y el cuarto pilar fue impulsar el emprendimiento, la innovaci\u00f3n y el desarrollo de nuevos sectores estrat\u00e9gicos; por lo que dijo, el a\u00f1o pasado Hidalgo obtuvo el 1er. Lugar por la consolidaci\u00f3n del mejor proyecto de inversi\u00f3n extranjera directa en<\/p>\n\n\n\n<p class=\"wp-block-paragraph\">Am\u00e9rica Latina.<\/p>\n\n\n\n<p class=\"wp-block-paragraph\">Agreg\u00f3 que el estado se ha convertido en un referente en energ\u00eda &#8220;cerca del 27 por ciento de nuestras inversiones pertenecen al sector energ\u00e9tico&#8221;, que es m\u00e1s de 500 millones de pesos. &#8220;\u00bfPor qu\u00e9 es importante el crecimiento energ\u00e9tico? Porque la energ\u00eda es la sangre de la industria&#8221; sentenci\u00f3 el titular.&nbsp;<\/p>\n\n\n\n<p class=\"wp-block-paragraph\"><strong>COVID-19<\/strong><\/p>\n\n\n\n<p class=\"wp-block-paragraph\">Respecto a la pandemia de covid-19 se\u00f1al\u00f3 que el gobernador del estado los exhort\u00f3 a hacer medidas de prevenci\u00f3n y que el trabajo previo a la llegada de la pandemia permiti\u00f3 &#8220;un blindaje econ\u00f3mico a los bolsillos de los hidalguenses&#8221;.&nbsp;<\/p>\n\n\n\n<p class=\"wp-block-paragraph\">Se contempl\u00f3 la contenci\u00f3n ante la propagaci\u00f3n y la recuperaci\u00f3n econ\u00f3mica plena. Adem\u00e1s, se siguieron tres ejes: preservar el empleo, tener negocios activos y apoyarlos.&nbsp;<\/p>\n\n\n\n<p class=\"wp-block-paragraph\">Reiter\u00f3 que se implement\u00f3 el &#8220;Distintivo Escudo&#8221; un mecanismo para evitar el riesgo de contagio en trabajadores, proveedores y clientes: \u201cCon esta medida, se han beneficiado 3,269 empresas con una cobertura de 75 municipios\u201d.<\/p>\n\n\n\n<p class=\"wp-block-paragraph\">Expres\u00f3 que, en la Central de Abastos, uno de los lugares m\u00e1s importantes en cuanto a comercio en Pachuca se implementaron diversas medidas para evitar los contagio como colocaci\u00f3n de carteles y sanitizaci\u00f3n.<\/p>\n\n\n\n<p class=\"wp-block-paragraph\">Durante su intervenci\u00f3n pidi\u00f3 un minuto de silencio por aquellas p\u00e9rdidas humanas a consecuencia de la pandemia por covid-19, y recalc\u00f3 que de acuerdo al INEGI, Hidalgo fue el \u00fanico estado a nivel nacional que anunci\u00f3 inversiones pese a la pandemia&nbsp;<\/p>\n\n\n\n<p class=\"wp-block-paragraph\">Concluy\u00f3, pidiendo apoyo a la 65 Legislatura del estado de Hidalgo en cinco puntos para este \u00faltimo a\u00f1o de gobierno, destacando en primer lugar la construcci\u00f3n de&nbsp; condiciones para que las micro, peque\u00f1as y medianas empresas puedan acceder una bolsa econ\u00f3mica permanente de financiamiento y as\u00ed puedan seguir creciendo.&nbsp;<\/p>\n\n\n\n<iframe loading=\"lazy\" width=\"560\" height=\"315\" src=\"https:\/\/www.youtube.com\/embed\/Q4HRsYB7oeo\" title=\"YouTube video player\" frameborder=\"0\" allow=\"accelerometer; autoplay; clipboard-write; encrypted-media; gyroscope; picture-in-picture\" allowfullscreen=\"\"><\/iframe>\n","protected":false},"excerpt":{"rendered":"<p>Hoy, Sergio Vargas, titular de la Secretar\u00eda de Desarrollo Econ\u00f3mico (SEDECO) compareci\u00f3 ante la 65 Legislatura del Congreso del estado y fue cuestionado por 17 diputados; esto como parte de la glosa del quinto informe de gobierno del gobernador de Hidalgo, el Licenciado Omar Fayad.\u00a0 Expres\u00f3, luego de ser cuestionado por el diputado Timoteo L\u00f3pez, [&hellip;]<\/p>\n","protected":false},"author":101,"featured_media":192255,"comment_status":"closed","ping_status":"closed","sticky":false,"template":"","format":"standard","meta":{"footnotes":""},"categories":[15,59],"tags":[],"class_list":["post-192171","post","type-post","status-publish","format-standard","has-post-thumbnail","hentry","category-destacadas","category-general"],"_links":{"self":[{"href":"https:\/\/plazajuarez.mx\/historico\/wp-json\/wp\/v2\/posts\/192171","targetHints":{"allow":["GET"]}}],"collection":[{"href":"https:\/\/plazajuarez.mx\/historico\/wp-json\/wp\/v2\/posts"}],"about":[{"href":"https:\/\/plazajuarez.mx\/historico\/wp-json\/wp\/v2\/types\/post"}],"author":[{"embeddable":true,"href":"https:\/\/plazajuarez.mx\/historico\/wp-json\/wp\/v2\/users\/101"}],"replies":[{"embeddable":true,"href":"https:\/\/plazajuarez.mx\/historico\/wp-json\/wp\/v2\/comments?post=192171"}],"version-history":[{"count":0,"href":"https:\/\/plazajuarez.mx\/historico\/wp-json\/wp\/v2\/posts\/192171\/revisions"}],"wp:featuredmedia":[{"embeddable":true,"href":"https:\/\/plazajuarez.mx\/historico\/wp-json\/wp\/v2\/media\/192255"}],"wp:attachment":[{"href":"https:\/\/plazajuarez.mx\/historico\/wp-json\/wp\/v2\/media?parent=192171"}],"wp:term":[{"taxonomy":"category","embeddable":true,"href":"https:\/\/plazajuarez.mx\/historico\/wp-json\/wp\/v2\/categories?post=192171"},{"taxonomy":"post_tag","embeddable":true,"href":"https:\/\/plazajuarez.mx\/historico\/wp-json\/wp\/v2\/tags?post=192171"}],"curies":[{"name":"wp","href":"https:\/\/api.w.org\/{rel}","templated":true}]}}